{"id":91842,"date":"2025-11-28T07:14:08","date_gmt":"2025-11-28T07:14:08","guid":{"rendered":"https:\/\/www.europesays.com\/se\/91842\/"},"modified":"2025-11-28T07:14:08","modified_gmt":"2025-11-28T07:14:08","slug":"tillsynsvagledning-om-legionella-i-kyltorn-folkhalsomyndigheten","status":"publish","type":"post","link":"https:\/\/www.europesays.com\/se\/91842\/","title":{"rendered":"Tillsynsv\u00e4gledning om legionella i kyltorn \u2014 Folkh\u00e4lsomyndigheten"},"content":{"rendered":"<p>&#13;<\/p>\n<p>Folkh\u00e4lsomyndigheten har publicerat en tillsynsv\u00e4gledning om legionella i kyltorn. Den \u00e4r framtagen f\u00f6r att bland annat ge milj\u00f6- och h\u00e4lsoskyddsinspekt\u00f6rer st\u00f6d i arbetet med tillsyn och smittsp\u00e5rning.<\/p>\n<p>        &#13;<br \/>\n&#13;<br \/>\n    &#13;<\/p>\n<p>F\u00f6rutom att vara ett st\u00f6d \u00e5t kommunernas milj\u00f6- och h\u00e4lsoskyddsinspekt\u00f6rer \u00e4r tillsynsv\u00e4gledningen anv\u00e4ndbar f\u00f6r verksamhetsut\u00f6vare, fastighets\u00e4gare och andra som beh\u00f6ver f\u00f6rst\u00e5 riskerna och skyldigheterna kring kyltorn. Den \u00e4r den f\u00f6rsta i sitt slag och tar bland annat upp fakta om kyltorn, anm\u00e4lningsplikt och exempel p\u00e5 vad som kan ing\u00e5 i verksamhetsut\u00f6varens egenkontroll. V\u00e4gledningen ger \u00e4ven st\u00f6d vid tillsyn och smittsp\u00e5rning.<\/p>\n<p>Kyltorn anv\u00e4nds bland annat f\u00f6r att kyla fastigheter och olika industriella processer. Sk\u00f6ts de inte r\u00e4tt kan de sprida legionellabakterier via vattendimma, s\u00e5 kallade aerosoler. Dessa bakterier kan orsaka allvarlig sjukdom vid inandning.<\/p>\n<p>\u2013 Det finns f\u00e5 dokumenterade utbrott fr\u00e5n kyltorn i Sverige, men ett utbrott kan ge allvarliga konsekvenser. D\u00e4rf\u00f6r \u00e4r tillsynen viktig, och v\u00e4gledningen hoppas vi ska ge ett bra st\u00f6d i det arbetet, s\u00e4ger Maria Arwidsson, utredare p\u00e5 Folkh\u00e4lsomyndigheten.<\/p>\n<p>F\u00f6r att ge en snabb \u00f6verblick har Folkh\u00e4lsomyndigheten f\u00f6rutom v\u00e4gledningen \u00e4ven tagit fram en film som f\u00f6rklarar hur kyltorn fungerar och vilka risker som finns.<\/p>\n<p>Den 1 februari 2024 inf\u00f6rdes anm\u00e4lningsplikt f\u00f6r kyltorn. Den inneb\u00e4r att verksamheter \u00e4r skyldiga att anm\u00e4la kyltorn till den kommunala tillsynsmyndigheten f\u00f6r milj\u00f6- och h\u00e4lsoskydd.<\/p>\n<p>L\u00e4s mer<br \/>\n&#13;<\/p>\n","protected":false},"excerpt":{"rendered":"&#13; Folkh\u00e4lsomyndigheten har publicerat en tillsynsv\u00e4gledning om legionella i kyltorn. Den \u00e4r framtagen f\u00f6r att bland annat ge&hellip;\n","protected":false},"author":2,"featured_media":7954,"comment_status":"","ping_status":"","sticky":false,"template":"","format":"standard","meta":{"footnotes":""},"categories":[69],"tags":[113,112,34,31,33,32,30],"class_list":{"0":"post-91842","1":"post","2":"type-post","3":"status-publish","4":"format-standard","5":"has-post-thumbnail","7":"category-halsa","8":"tag-halsa","9":"tag-health","10":"tag-se","11":"tag-svenska","12":"tag-sverige","13":"tag-sweden","14":"tag-swedish"},"share_on_mastodon":{"url":"https:\/\/pubeurope.com\/@se\/115626093022126723","error":""},"_links":{"self":[{"href":"https:\/\/www.europesays.com\/se\/wp-json\/wp\/v2\/posts\/91842","targetHints":{"allow":["GET"]}}],"collection":[{"href":"https:\/\/www.europesays.com\/se\/wp-json\/wp\/v2\/posts"}],"about":[{"href":"https:\/\/www.europesays.com\/se\/wp-json\/wp\/v2\/types\/post"}],"author":[{"embeddable":true,"href":"https:\/\/www.europesays.com\/se\/wp-json\/wp\/v2\/users\/2"}],"replies":[{"embeddable":true,"href":"https:\/\/www.europesays.com\/se\/wp-json\/wp\/v2\/comments?post=91842"}],"version-history":[{"count":0,"href":"https:\/\/www.europesays.com\/se\/wp-json\/wp\/v2\/posts\/91842\/revisions"}],"wp:featuredmedia":[{"embeddable":true,"href":"https:\/\/www.europesays.com\/se\/wp-json\/wp\/v2\/media\/7954"}],"wp:attachment":[{"href":"https:\/\/www.europesays.com\/se\/wp-json\/wp\/v2\/media?parent=91842"}],"wp:term":[{"taxonomy":"category","embeddable":true,"href":"https:\/\/www.europesays.com\/se\/wp-json\/wp\/v2\/categories?post=91842"},{"taxonomy":"post_tag","embeddable":true,"href":"https:\/\/www.europesays.com\/se\/wp-json\/wp\/v2\/tags?post=91842"}],"curies":[{"name":"wp","href":"https:\/\/api.w.org\/{rel}","templated":true}]}}