{"id":91843,"date":"2025-11-28T07:17:11","date_gmt":"2025-11-28T07:17:11","guid":{"rendered":"https:\/\/www.europesays.com\/se\/91843\/"},"modified":"2025-11-28T07:17:11","modified_gmt":"2025-11-28T07:17:11","slug":"test-lenovo-yoga-slim-7i-14-aura-edition-battre-laptop-an-vantat","status":"publish","type":"post","link":"https:\/\/www.europesays.com\/se\/91843\/","title":{"rendered":"Test: Lenovo Yoga Slim 7i 14 Aura Edition \u2013 b\u00e4ttre laptop \u00e4n v\u00e4ntat"},"content":{"rendered":"<p>SammanfattningExpertbetyg<\/p>\n<p>F\u00f6rdelar<\/p>\n<ul class=\"wp-block-list\">\n<li>H\u00f6g byggkvalitet<\/li>\n<li>Utm\u00e4rkt sk\u00e4rm<\/li>\n<li>God batteritid<\/li>\n<\/ul>\n<p>Nackdelar<\/p>\n<ul class=\"wp-block-list\">\n<li>Extraprogram som st\u00f6r<\/li>\n<li>Kunde ha sparat \u00e4nnu mer p\u00e5 batteriet<\/li>\n<\/ul>\n<p>Omd\u00f6me <\/p>\n<p>Lenovo Yoga Slim 7i 14 Aura Edition har prestanda nog, snabb och skarp oled-sk\u00e4rm, och \u00e4r kompakt och bekv\u00e4m att b\u00e4ra. \u00c4ven om dess maximala batteritid inte \u00e4r riktigt s\u00e5 bra som hos vissa konkurrenter, lyckas Lenovo str\u00e4cka ut den bra.\u00a0<\/p>\n<p>Price When Reviewed<\/p>\n<p>This value will show the geolocated pricing text for product undefined<\/p>\n<p>Best Pricing Today<\/p>\n<p>Jag testade en <a href=\"https:\/\/www.pcforalla.se\/article\/2494890\/lenovo-yoga-slim-7i-aura-edition-lunar-lake-laptop.html\" data-type=\"link\" data-id=\"https:\/\/www.pcforalla.se\/article\/2494890\/lenovo-yoga-slim-7i-aura-edition-lunar-lake-laptop.html\" rel=\"noreferrer noopener nofollow\" target=\"_blank\">Lenovo Yoga Slim 7i Aura Edition<\/a> h\u00f6sten 2024, faktiskt med samma processor, grafik, lagring och minne som denna, fast d\u00e5 med en 15,6-tumssk\u00e4rm. N\u00e4r jag bad Lenovo st\u00e4lla upp med en laptop med s\u00e5 bra batteritid som m\u00f6jligt f\u00f6ll deras val \u00e5terigen p\u00e5 den datorn, men med mindre 14-tumssk\u00e4rm, och dessutom oled ist\u00e4llet f\u00f6r ips. Den har lika stort batteri p\u00e5 70 Wh. Kan det ge den l\u00e4ngre driftstid?<\/p>\n<p>Det \u00e4r en \u00f6verlag kompetent och v\u00e4lbyggd laptop som i chassit kombinerar aluminium och plast till ett bekv\u00e4mt och l\u00e4tt bygge, med stor musplatta, v\u00e4lbyggt tangentbord och relativt l\u00e5g vikt. Det \u00e4r i klassisk ultrabook-klass under 1,3 kg, trots 14-tumssk\u00e4rmen och det r\u00e4tt s\u00e5 stora batteriet.<\/p>\n<p>Korta marginaler runtom sk\u00e4rmen g\u00f6r den fortfarande kompakt, och rundade kanter g\u00f6r den bekv\u00e4m att b\u00e4ra. P\u00e5 sidorna sitter gott om anslutningar, inklusive de tv\u00e5 thunderbolt 4-portar som anv\u00e4nds f\u00f6r laddning.\u00a0<\/p>\n<p>Intel h\u00e4nger med<\/p>\n<p>Lenovos Aura Edition-datorer \u00e4r helt Intel-baserade och denna modell med Intel Core Ultra 7\u00a0258V och Intel Arc-grafik ger stabil om \u00e4n inte fantastisk prestanda f\u00f6r kontorsjobb och enklare mediaredigering. Det g\u00e5r \u00e4ven att spela mindre kr\u00e4vande spel p\u00e5 den, \u00e4ven om det inte \u00e4r dess huvudsyfte. 32 GB ram-minne och en snabb 1 TB ssd hj\u00e4lper till med att h\u00e5lla den pigga k\u00e4nslan uppe.<\/p>\n<p><img decoding=\"async\" data-wp-class--hide=\"state.isContentHidden\" data-wp-class--show=\"state.isContentVisible\" data-wp-init=\"callbacks.setButtonStyles\" data-wp-on-async--click=\"actions.showLightbox\" data-wp-on-async--load=\"callbacks.setButtonStyles\" data-wp-on-async-window--resize=\"callbacks.setButtonStyles\" src=\"https:\/\/www.europesays.com\/se\/wp-content\/uploads\/2025\/11\/PXL_20251120_085653006.jpg\" alt=\"Lenovo Yoga Slim 7i 14 Aura Edition sida\" class=\"wp-image-2985241\"  width=\"1200\" height=\"810\"  loading=\"lazy\"\/><\/p>\n<p>\t\t\tHdmi, thunderbolt och kortl\u00e4sare p\u00e5 ena sidan.<\/p>\n<p class=\"imageCredit\">Mattias Inghe<\/p>\n<p>Lenovos f\u00f6rk\u00e4rlek att sl\u00e4nga med och autostarta en del extraprogram g\u00f6r att det beh\u00f6vs rensas upp i systemet innan det flyter p\u00e5 helt idealiskt. Jag f\u00e5r b\u00e5de McAfees s\u00e4kerhetsprogram och Office 365 f\u00f6rinstallerat, och Lenovos kontrollprogram Vantage med extra widgets, AI-programmet Lenovo Now, och Smart Connect f\u00f6r parkoppling med en Motorola-mobil.<\/p>\n<p>Datorn \u00e4r initialt tyst, och h\u00f6gljudd kylning blir s\u00e4llan ett problem. Speciellt inte vid batteridrift, eftersom datorn begr\u00e4nsas prestandam\u00e4ssigt utan ac-adapter i och d\u00e4rmed inte toppar datorkraft eller blir s\u00e4rskilt varm, om du inte f\u00f6rs\u00f6ker spela spel.<\/p>\n<p>H\u00f6guppl\u00f6st, f\u00e4rgstarkt, ljusstarkt. Str\u00f6msn\u00e5lt?<\/p>\n<p>Du f\u00e5r en utm\u00e4rkt oled-sk\u00e4rm med 2880 x 1800 bildpunkters uppl\u00f6sning, upp till 120 Hz bildfrekvens, stort f\u00e4rgomf\u00e5ng med m\u00f6jlighet att v\u00e4lja mellan flera professionella f\u00e4rgprofiler. Exakt hur korrekta Adobe RGB och dci-p3-l\u00e4gena \u00e4r l\u00e5ter jag vara osagt, men f\u00e4rgintensiteten \u00e4r i alla fall p\u00e5 r\u00e4tt niv\u00e5. Sk\u00e4rmen har ocks\u00e5 h\u00f6g toppljusstyrka, hela 1\u00a0100 cd\/m2, och hdr-st\u00f6d som utnyttjar det.\u00a0<\/p>\n<p>Det g\u00e5r lite emot id\u00e9n med en str\u00f6msn\u00e5l dator, d\u00e4r uppl\u00f6sning, bildfrekvens och ljusstyrka i sk\u00e4rm kan \u00e4ta mycket energi \u00e4ven n\u00e4r du inte pressar datorn med tunga jobb. Men du kan st\u00e4lla ner frekvensen till 60 Hz, b\u00e5de manuellt och dynamiskt, k\u00f6ra sk\u00e4rmen i sdr-l\u00e4ge \u2013 vilket f\u00f6r det mesta ser v\u00e4ldigt bra ut det ocks\u00e5 \u2013 och du beh\u00f6ver s\u00e4llan bl\u00e5sa p\u00e5 med full ljusstyrka.<\/p>\n<p>Det saknas ljussensor f\u00f6r automatisk d\u00e4mpning av ljusstyrkan, vilket k\u00e4nns m\u00e4rkligt n\u00e4r det \u00e4r s\u00e5 mycket annan bra automatik f\u00f6r att d\u00e4mpa str\u00f6mf\u00f6rbrukningen. Inte bara dynamisk bildfrekvens utan ocks\u00e5 n\u00e4rvarosensor som sl\u00e4cker sk\u00e4rmen n\u00e4r du g\u00e5r fr\u00e5n datorn. Det kan spara mycket batteri.<\/p>\n<p><img decoding=\"async\" data-wp-class--hide=\"state.isContentHidden\" data-wp-class--show=\"state.isContentVisible\" data-wp-init=\"callbacks.setButtonStyles\" data-wp-on-async--click=\"actions.showLightbox\" data-wp-on-async--load=\"callbacks.setButtonStyles\" data-wp-on-async-window--resize=\"callbacks.setButtonStyles\" src=\"https:\/\/www.europesays.com\/se\/wp-content\/uploads\/2025\/11\/PXL_20251120_085641942.jpg\" alt=\"Lenovo Yoga Slim 7i 14 Aura Edition  laddare\" class=\"wp-image-2985244\"  width=\"1200\" height=\"675\"  loading=\"lazy\"\/><\/p>\n<p>\t\t\tEn effektiv kompakt laddare.<\/p>\n<p class=\"imageCredit\">Mattias Inghe<\/p>\n<p>Kort maxtid, men bra d\u00e4r det g\u00e4ller<\/p>\n<p>Intels Core Ultra-processorer har inte visat sig vara de allra mest energisn\u00e5la. De har en teoretiskt l\u00e5g TDP p\u00e5 ner till 8 watt, men det \u00e4r s\u00e4llan datorbyggare utnyttjar det utan k\u00f6r p\u00e5 standardl\u00e4get 17 watt ist\u00e4llet. Jag har inte information om Lenovos konfigurationsval, men datorn beter sig som en p\u00e5 den h\u00f6gre effektniv\u00e5n.<\/p>\n<p>Det och den h\u00f6guppl\u00f6sta sk\u00e4rmen g\u00f6r att datorns maximala batteritid under sn\u00e5lk\u00f6rning inte \u00e4r lika l\u00e5ng som hos dess konkurrenter. Jag kommer som b\u00e4st upp i 22 timmars aktiv driftstid vid mycket sparsam anv\u00e4ndning och d\u00e4mpad sk\u00e4rmljusstyrka. Det \u00e4r svagt n\u00e4r flera andra liknande laptops ligger p\u00e5 25\u201332 timmar. \u00c4ven de med samma processor.<\/p>\n<p>Det Lenovo d\u00e4remot g\u00f6r v\u00e4ldigt bra \u00e4r att hush\u00e5lla med resurserna vid lite mer blandad normal anv\u00e4ndning. Det \u00e4r f\u00e5 bakgrundsprocesser som st\u00f6r och \u00e4ter batteri, och systemet har en smart funktion som d\u00e4mpar de delar av sk\u00e4rmen som inte \u00e4r i anv\u00e4ndarens fokus. H\u00e4r klarar sig Yoga Slim 7i 14 Aura Edition lika bra eller till och med lite b\u00e4ttre \u00e4n vissa andra p\u00e5 pappret mer str\u00f6msn\u00e5la system. Den kan g\u00e5 att anv\u00e4nda aktivt f\u00f6r vardagliga sysslor fr\u00e5n morgon till kv\u00e4ll. \u00a0<\/p>\n<p>Laddar flexibelt<\/p>\n<p>Den medf\u00f6ljande laddaren p\u00e5 65 watt kan fylla p\u00e5 batteriet direkt med snabbladdning p\u00e5 ett par timmar, eller med intervall-laddning som sparar p\u00e5 laddcykler. Det st\u00e4ller du in i Lenovos kontrollprogram Vantage, d\u00e4r \u00e4ven f\u00e4rginst\u00e4llningar, n\u00e4rvarosensor och en del oled-specifika sk\u00e4rmfunktioner finns.<\/p>\n<p><img decoding=\"async\" data-wp-class--hide=\"state.isContentHidden\" data-wp-class--show=\"state.isContentVisible\" data-wp-init=\"callbacks.setButtonStyles\" data-wp-on-async--click=\"actions.showLightbox\" data-wp-on-async--load=\"callbacks.setButtonStyles\" data-wp-on-async-window--resize=\"callbacks.setButtonStyles\" src=\"https:\/\/www.europesays.com\/se\/wp-content\/uploads\/2025\/11\/PXL_20251120_085716768.jpg\" alt=\"Lenovo Yoga Slim 7i 14 Aura Edition baksida\" class=\"wp-image-2985243\"  width=\"1200\" height=\"744\"  loading=\"lazy\"\/><\/p>\n<p>\t\t\tEnkel design kombinerar plast och aluminium.<\/p>\n<p class=\"imageCredit\">Mattias Inghe<\/p>\n<p>Lenovo har andra laptops som \u00e4ven de stoltserar med hyfsad batteritid, som Yoga 9i 2-in-1, vilken jag testade under h\u00f6sten. Det lockade att v\u00e4lja den till detta test, d\u00e5 batteriet \u00e4r \u00e4nnu st\u00f6rre och den maximalt uppm\u00e4tta batteritiden faktiskt \u00e4r lite l\u00e4ngre.<\/p>\n<p>Men det visar sig att batteritiden under aktivt jobbande faktiskt \u00e4r b\u00e4ttre i denna betydligt mer prisv\u00e4rda dator, s\u00e5 det var ett klokt val fr\u00e5n Lenovos sida.<\/p>\n<p>Specifikationer<\/p>\n<p><strong>Produktnamn<\/strong>: Lenovo Yoga Slim 7i 14 Aura Edition (83JX003FMX)<br \/><strong>Testad<\/strong>: November 2025<br \/><strong>Tillverkare<\/strong>: <a href=\"https:\/\/lenovo.7eer.net\/c\/1229148\/220727\/3833?subId1=8-1-2985199-1-0-0-0-0&amp;u=https:\/\/www.lenovo.com\/se\/sv\/\" data-type=\"link\" data-id=\"https:\/\/www.lenovo.com\/se\/sv\/\" target=\"_blank\" rel=\"nofollow noopener\" data-subtag=\"8-1-2985199-1-0-0-0-0\" data-domain-name=\"lenovo\">Lenovo<\/a> <br \/><strong>Processor<\/strong>: Intel Core Ultra 7 258V, 4 st P-core upp till 4,8 GHz, 4 st e-core upp till 3,7 GHz<br \/><strong>NPU<\/strong>: Intel AI Boost, 47 tops<br \/><strong>Grafik<\/strong>: Intel Arc Graphics 140V<br \/><strong>Minne<\/strong>: 32 GB lpddr5x<br \/><strong>Lagring<\/strong>: 1 TB ssd, plats f\u00f6r micro-sd<br \/><strong>Sk\u00e4rm<\/strong>: 14 tum blank oled, 2880 x 1800 bildpunkter, 120 Hz, 1 100 cd\/m2 (peak)<br \/><strong>Webbkamera<\/strong>: 1440p med ir<br \/><strong>Anslutningar<\/strong>: 2 st thunderbolt 4, usb-a 3 gen 1, hdmi, headset<br \/><strong>Tr\u00e5dl\u00f6st<\/strong>: Wifi 7, bluetooth 5.4<br \/><strong>Operativsystem<\/strong>: Windows 11 Home<br \/><strong>\u00d6vrigt<\/strong>: Bakbelyst tangentbord, ansiktsigenk\u00e4nning<br \/><strong>Ljudniv\u00e5<\/strong>: 0\u201337 dBa<br \/><strong>Storlek<\/strong>: 31,2 x 22 x 1,4 cm<br \/><strong>Vikt<\/strong>: 1,21 kg<br \/><strong>Pris<\/strong>: <a href=\"https:\/\/lenovo.7eer.net\/c\/1229148\/220727\/3833?subId1=8-1-2985199-1-0-0-0-0&amp;u=https:\/\/www.lenovo.com\/se\/sv\/p\/laptops\/yoga\/yoga-slim-series\/lenovo-yoga-slim-7i-aura-edition-gen-10-14-inch-intel\/83jx003fmx\" data-type=\"link\" data-id=\"https:\/\/www.lenovo.com\/se\/sv\/p\/laptops\/yoga\/yoga-slim-series\/lenovo-yoga-slim-7i-aura-edition-gen-10-14-inch-intel\/83jx003fmx\" target=\"_blank\" rel=\"nofollow noopener\" data-subtag=\"8-1-2985199-1-0-0-0-0\" data-domain-name=\"lenovo\">16 999 kr hos Lenovo<\/a><\/p>\n<p><strong>Betyg:<\/strong> 3,5 av 5<br \/><img decoding=\"async\" class=\"wp-image-2838234\" style=\"width: NaNpx\" src=\"https:\/\/www.europesays.com\/se\/wp-content\/uploads\/2025\/08\/7_e428f4.png\" alt=\"Betyg 3,5\" loading=\"lazy\"\/><\/p>\n<p>Prestanda<\/p>\n<p><strong>Geekbench 6, cpu flera k\u00e4rnor (AC\/batteri)<\/strong>: 10 335 \/ 8 596 po\u00e4ng<br \/><strong>Geekbench 6, cpu en k\u00e4rna (AC\/batteri)<\/strong>: 2 691 \/ 2 405 po\u00e4ng<br \/><strong>Geekbench 6, gpu (AC\/batteri)<\/strong>: 37 486 \/ 31 359 po\u00e4ng<br \/><strong>Disk, l\u00e4sning<\/strong>: 6 937 MB\/s<br \/><strong>Disk, skrivning<\/strong>: 6 610,11 MB\/s<\/p>\n<p>Batterifakta<\/p>\n<p><strong>Batterikapacitet<\/strong>: 70 Wh<br \/><strong>Batteritid, h\u00f6g belastning, full ljusstyrka<\/strong>: 1 tim 40 min<br \/><strong>Batteritid, blandad anv\u00e4ndning, medelljusstyrka<\/strong>: 16 tim<br \/><strong>Batteritid, minimal belastning, l\u00e5g ljusstyrka<\/strong>: 22 tim<br \/><strong>Laddning<\/strong>: Usb-c, 65 watt<br \/><strong>N\u00e4rvarosensor<\/strong>: Ja<br \/><strong>Automatisk ljusstyrka<\/strong>: Nej<br \/><strong>Dynamisk bildfrekvens<\/strong>: Ja (60\/120 Hz)<br \/><strong>\u00d6vriga energisparande funktioner<\/strong>: Oled-dimning i gr\u00e4nssnitt, snabbladdning, v\u00e5rd av laddcykler<\/p>\n","protected":false},"excerpt":{"rendered":"SammanfattningExpertbetyg F\u00f6rdelar H\u00f6g byggkvalitet Utm\u00e4rkt sk\u00e4rm God batteritid Nackdelar Extraprogram som st\u00f6r Kunde ha sparat \u00e4nnu mer p\u00e5&hellip;\n","protected":false},"author":2,"featured_media":91844,"comment_status":"","ping_status":"","sticky":false,"template":"","format":"standard","meta":{"footnotes":""},"categories":[66],"tags":[80,78,79,34,31,33,32,30,81,84,83,82],"class_list":{"0":"post-91843","1":"post","2":"type-post","3":"status-publish","4":"format-standard","5":"has-post-thumbnail","7":"category-vetenskap-och-teknik","8":"tag-science","9":"tag-science-and-technology","10":"tag-scienceandtechnology","11":"tag-se","12":"tag-svenska","13":"tag-sverige","14":"tag-sweden","15":"tag-swedish","16":"tag-technology","17":"tag-teknik","18":"tag-vetenskap","19":"tag-vetenskapteknik"},"share_on_mastodon":{"url":"https:\/\/pubeurope.com\/@se\/115626105032750354","error":""},"_links":{"self":[{"href":"https:\/\/www.europesays.com\/se\/wp-json\/wp\/v2\/posts\/91843","targetHints":{"allow":["GET"]}}],"collection":[{"href":"https:\/\/www.europesays.com\/se\/wp-json\/wp\/v2\/posts"}],"about":[{"href":"https:\/\/www.europesays.com\/se\/wp-json\/wp\/v2\/types\/post"}],"author":[{"embeddable":true,"href":"https:\/\/www.europesays.com\/se\/wp-json\/wp\/v2\/users\/2"}],"replies":[{"embeddable":true,"href":"https:\/\/www.europesays.com\/se\/wp-json\/wp\/v2\/comments?post=91843"}],"version-history":[{"count":0,"href":"https:\/\/www.europesays.com\/se\/wp-json\/wp\/v2\/posts\/91843\/revisions"}],"wp:featuredmedia":[{"embeddable":true,"href":"https:\/\/www.europesays.com\/se\/wp-json\/wp\/v2\/media\/91844"}],"wp:attachment":[{"href":"https:\/\/www.europesays.com\/se\/wp-json\/wp\/v2\/media?parent=91843"}],"wp:term":[{"taxonomy":"category","embeddable":true,"href":"https:\/\/www.europesays.com\/se\/wp-json\/wp\/v2\/categories?post=91843"},{"taxonomy":"post_tag","embeddable":true,"href":"https:\/\/www.europesays.com\/se\/wp-json\/wp\/v2\/tags?post=91843"}],"curies":[{"name":"wp","href":"https:\/\/api.w.org\/{rel}","templated":true}]}}