{"id":91861,"date":"2025-11-28T07:37:08","date_gmt":"2025-11-28T07:37:08","guid":{"rendered":"https:\/\/www.europesays.com\/se\/91861\/"},"modified":"2025-11-28T07:37:08","modified_gmt":"2025-11-28T07:37:08","slug":"sparare-fyndkoper-novo-nordisk-saljer-forsvarsjattar","status":"publish","type":"post","link":"https:\/\/www.europesays.com\/se\/91861\/","title":{"rendered":"Sparare fyndk\u00f6per Novo Nordisk \u2013 s\u00e4ljer f\u00f6rsvarsj\u00e4ttar |"},"content":{"rendered":"<p class=\"font-sans text-base text-text-main dark:text-text-main-dark font-normal leading-[1.4]\">November g\u00e5r mot sitt slut och <strong>Avanza-<\/strong>kunderna har f\u00f6rs\u00f6kt fynda. M\u00e5nadens mest k\u00f6pta aktie var <strong>Novo Nordisk<\/strong>, vars aktiekurs pekat ned\u00e5t och nu handlas till den l\u00e4gsta v\u00e4rderingen p\u00e5 tio \u00e5r.<br class=\"col-start-2\"\/>&#8221;H\u00e4r \u00e4r aktiespararna inte sena med att fylla p\u00e5 till vad de hoppas \u00e4r ett rabatterat pris\u201d, s\u00e4ger <strong>Felicia Sch\u00f6n<\/strong>, sparekonom p\u00e5 Avanza.<\/p>\n<p class=\"font-sans text-base text-text-main dark:text-text-main-dark font-normal leading-[1.4]\">\u00c4ven hos <strong>Nordnet<\/strong> har k\u00f6pknappen g\u00e5tt varm i den danska l\u00e4kemedelsj\u00e4tten.<br class=\"col-start-2\"\/>&#8221;Spararna tror p\u00e5 bolaget och har k\u00f6pt p\u00e5 sig mer aktier \u00e4nda sedan prognosslakten i juli\u201d, s\u00e4ger <strong>Frida Bratt<\/strong>, sparekonom p\u00e5 Nordnet.<\/p>\n<p class=\"font-sans text-base text-text-main dark:text-text-main-dark font-normal leading-[1.4]\"><strong>Nibe<\/strong> har ocks\u00e5 f\u00e5tt spararna att dippk\u00f6pa. Efter Q3-rapporten fick aktien sig en rej\u00e4l t\u00f6rn, men spararna tror p\u00e5 v\u00e4rmepumpsbolaget.<br class=\"col-start-2\"\/>&#8221;Den underliggande energitrenden tycks vara stark, och med en konjunkturv\u00e4ndning tror aktiespararna p\u00e5 v\u00e4ndning \u00e4ven f\u00f6r Nibe\u201d, forts\u00e4tter Felicia Sch\u00f6n.<\/p>\n","protected":false},"excerpt":{"rendered":"November g\u00e5r mot sitt slut och Avanza-kunderna har f\u00f6rs\u00f6kt fynda. M\u00e5nadens mest k\u00f6pta aktie var Novo Nordisk, vars&hellip;\n","protected":false},"author":2,"featured_media":91862,"comment_status":"","ping_status":"","sticky":false,"template":"","format":"standard","meta":{"footnotes":""},"categories":[5],"tags":[5233,8465,6171,22,23,5108,26,27,17,21,3665,24,25,28,29,15,6435,1206,16,4676,18,34,1142,31,33,32,30,19,20],"class_list":{"0":"post-91861","1":"post","2":"type-post","3":"status-publish","4":"format-standard","5":"has-post-thumbnail","7":"category-rubriker","8":"tag-astrazeneca","9":"tag-bae-systems-plc","10":"tag-boliden","11":"tag-breaking-news","12":"tag-breakingnews","13":"tag-evolution","14":"tag-featured-news","15":"tag-featurednews","16":"tag-headlines","17":"tag-huvudnyheter","18":"tag-investor","19":"tag-latest-news","20":"tag-latestnews","21":"tag-main-news","22":"tag-mainnews","23":"tag-news","24":"tag-nibe-industrier","25":"tag-novo-nordisk","26":"tag-nyheter","27":"tag-rheinmetall","28":"tag-rubriker","29":"tag-se","30":"tag-sparande","31":"tag-svenska","32":"tag-sverige","33":"tag-sweden","34":"tag-swedish","35":"tag-top-stories","36":"tag-topstories"},"share_on_mastodon":{"url":"https:\/\/pubeurope.com\/@se\/115626183449185160","error":""},"_links":{"self":[{"href":"https:\/\/www.europesays.com\/se\/wp-json\/wp\/v2\/posts\/91861","targetHints":{"allow":["GET"]}}],"collection":[{"href":"https:\/\/www.europesays.com\/se\/wp-json\/wp\/v2\/posts"}],"about":[{"href":"https:\/\/www.europesays.com\/se\/wp-json\/wp\/v2\/types\/post"}],"author":[{"embeddable":true,"href":"https:\/\/www.europesays.com\/se\/wp-json\/wp\/v2\/users\/2"}],"replies":[{"embeddable":true,"href":"https:\/\/www.europesays.com\/se\/wp-json\/wp\/v2\/comments?post=91861"}],"version-history":[{"count":0,"href":"https:\/\/www.europesays.com\/se\/wp-json\/wp\/v2\/posts\/91861\/revisions"}],"wp:featuredmedia":[{"embeddable":true,"href":"https:\/\/www.europesays.com\/se\/wp-json\/wp\/v2\/media\/91862"}],"wp:attachment":[{"href":"https:\/\/www.europesays.com\/se\/wp-json\/wp\/v2\/media?parent=91861"}],"wp:term":[{"taxonomy":"category","embeddable":true,"href":"https:\/\/www.europesays.com\/se\/wp-json\/wp\/v2\/categories?post=91861"},{"taxonomy":"post_tag","embeddable":true,"href":"https:\/\/www.europesays.com\/se\/wp-json\/wp\/v2\/tags?post=91861"}],"curies":[{"name":"wp","href":"https:\/\/api.w.org\/{rel}","templated":true}]}}