{"id":91866,"date":"2025-11-28T07:51:12","date_gmt":"2025-11-28T07:51:12","guid":{"rendered":"https:\/\/www.europesays.com\/se\/91866\/"},"modified":"2025-11-28T07:51:12","modified_gmt":"2025-11-28T07:51:12","slug":"man-utsatte-rumaner-for-modernt-slaveri","status":"publish","type":"post","link":"https:\/\/www.europesays.com\/se\/91866\/","title":{"rendered":"Man utsatte rum\u00e4ner f\u00f6r modernt slaveri"},"content":{"rendered":"<p>Domen mot den 45-\u00e5rige mannen f\u00f6ll i g\u00e5r, torsdag, n\u00e4stan fyra \u00e5r efter att de \u00e5tta rum\u00e4nska medborgarna r\u00e4ddades ur den mis\u00e4r de levde i, efter ett tillslag mot biltv\u00e4tten.<\/p>\n<p>\u2013 Det trauma och den pr\u00f6vning som offren utsatts f\u00f6r f\u00e5r inte underskattas. De har visat enast\u00e5ende styrka under hela utredningen och spelat en viktig roll i att tillhandah\u00e5lla bevis f\u00f6r att s\u00e4kerst\u00e4lla att han kunnat h\u00e5llas ansvarig, s\u00e4ger Mike Stubbins i ett uttalande fr\u00e5n Metropolitan polices s\u00e4rskilda m\u00e4nniskohandelssektion.<\/p>\n<p><strong>De \u00e5tta rum\u00e4nska<\/strong> medborgarna \u2013 den yngste var 15 \u00e5r \u2013 kom till biltv\u00e4tten i London i november 2020 med l\u00f6ften om boende, r\u00e4ttvis l\u00f6n, mat och en legal anst\u00e4llning.<\/p>\n<p>          <img decoding=\"async\" class=\"picture__img\" src=\"https:\/\/www.europesays.com\/se\/wp-content\/uploads\/2025\/11\/63438f71-67f3-443d-b5c5-5ad3c79b33b9.jpeg\" loading=\"lazy\"   alt=\"De \u00e5tta rum\u00e4nska medborgarna hade en kokplatta att laga mat p\u00e5.\"\/><\/p>\n<p>                Bild 1 av 2<\/p>\n<p>      De \u00e5tta rum\u00e4nska medborgarna hade en kokplatta att laga mat p\u00e5.<\/p>\n<p>      Foto: Metropolitan police<\/p>\n<p>          <img decoding=\"async\" class=\"picture__img\" src=\"https:\/\/www.europesays.com\/se\/wp-content\/uploads\/2025\/11\/d8fcaaef-75fb-4c5e-8a00-9748c2ebb382.jpeg\" loading=\"lazy\"   alt=\"D\u00f6rren till det rum d\u00e4r de \u00e5tta rum\u00e4nska medborgarna bodde var l\u00e5st fr\u00e5n utsidan.\"\/><\/p>\n<p>                Bild 2 av 2<\/p>\n<p>      D\u00f6rren till det rum d\u00e4r de \u00e5tta rum\u00e4nska medborgarna bodde var l\u00e5st fr\u00e5n utsidan.<\/p>\n<p>      Foto: Metropolitan police<\/p>\n<p>I st\u00e4llet l\u00e5stes de in, deras pass togs ifr\u00e5n dem och de utsattes regelbundet, enligt utredningen, f\u00f6r fysiskt och psykiskt v\u00e5ld. Under nedst\u00e4ngningen av det brittiska samh\u00e4llet i samband med covid-19-pandemin f\u00f6rv\u00e4rrades deras situation.<\/p>\n<p>I februari 2021 lyckades 15-\u00e5ringen sl\u00e5 larm till polisen, som gjorde en razzia mot biltv\u00e4tten. D\u00e4r hittade de tv\u00e5 kvinnor i 20-\u00e5rs\u00e5ldern, fem m\u00e4n i 20\u201330-\u00e5rs\u00e5ldern och den 15-\u00e5rige pojken.<\/p>\n<p><strong>De talade minimalt med<\/strong> engelska och all konversation med dem skedde via Google translate. En av kvinnorna var sv\u00e5rt sjuk, drabbad av en infektion som ledde till att hon fick vistas p\u00e5 sjukhus i flera veckor.<\/p>\n<p>\u2013 En direkt f\u00f6ljd av de f\u00f6rh\u00e5llanden hon utsattes f\u00f6r under sin f\u00e5ngenskap, s\u00e4ger Mike Stubbins.<\/p>\n<p>          <img decoding=\"async\" class=\"picture__img\" src=\"https:\/\/www.europesays.com\/se\/wp-content\/uploads\/2025\/11\/af231f1b-8a5d-4009-b415-d40240e7af76.jpeg\"   alt=\"Det yngsta offret var 15 \u00e5r gammal. Alla sov p\u00e5 b\u00e4ddmadrasser p\u00e5 golvet.\"\/><\/p>\n<p>      Det yngsta offret var 15 \u00e5r gammal. Alla sov p\u00e5 b\u00e4ddmadrasser p\u00e5 golvet.<\/p>\n<p>      Foto: Metropolitan police<\/p>\n<p>N\u00e4r razzian genomf\u00f6rdes var biltv\u00e4tts\u00e4garen utomlands. Han kunde gripas n\u00e4r han \u00e5terkom till Storbritannien i mars 2021.<\/p>\n<p>\u2013 De f\u00f6rsta poliserna p\u00e5 plats engagerade sig djupt i fallet, fick offrens f\u00f6rtroende och kunde d\u00e4rmed f\u00e5 den information som kr\u00e4vdes f\u00f6r att utredningen skulle g\u00e5 i land, konstaterar Mike Stubbins.<\/p>\n<p><strong>Han understryker att<\/strong> det \u00e4r viktigt att alla f\u00f6rst\u00e5r att modernt slaveri f\u00f6rekommer \u2013 och att alla som misst\u00e4nker att m\u00e4nniskor de st\u00f6ter p\u00e5 utnyttjas, omedelbart anm\u00e4ler det till polisen.<\/p>\n<p>Alla offren har nu \u00e5terv\u00e4nt hem till Rum\u00e4nien.<\/p>\n","protected":false},"excerpt":{"rendered":"Domen mot den 45-\u00e5rige mannen f\u00f6ll i g\u00e5r, torsdag, n\u00e4stan fyra \u00e5r efter att de \u00e5tta rum\u00e4nska medborgarna&hellip;\n","protected":false},"author":2,"featured_media":91867,"comment_status":"","ping_status":"","sticky":false,"template":"","format":"standard","meta":{"footnotes":""},"categories":[14],"tags":[22,23,26,27,17,21,24,25,28,29,15,16,18,34,31,33,32,30,19,20,51,52,53,54],"class_list":{"0":"post-91866","1":"post","2":"type-post","3":"status-publish","4":"format-standard","5":"has-post-thumbnail","7":"category-varlden","8":"tag-breaking-news","9":"tag-breakingnews","10":"tag-featured-news","11":"tag-featurednews","12":"tag-headlines","13":"tag-huvudnyheter","14":"tag-latest-news","15":"tag-latestnews","16":"tag-main-news","17":"tag-mainnews","18":"tag-news","19":"tag-nyheter","20":"tag-rubriker","21":"tag-se","22":"tag-svenska","23":"tag-sverige","24":"tag-sweden","25":"tag-swedish","26":"tag-top-stories","27":"tag-topstories","28":"tag-varlden","29":"tag-world","30":"tag-world-news","31":"tag-worldnews"},"share_on_mastodon":{"url":"https:\/\/pubeurope.com\/@se\/115626238664506521","error":""},"_links":{"self":[{"href":"https:\/\/www.europesays.com\/se\/wp-json\/wp\/v2\/posts\/91866","targetHints":{"allow":["GET"]}}],"collection":[{"href":"https:\/\/www.europesays.com\/se\/wp-json\/wp\/v2\/posts"}],"about":[{"href":"https:\/\/www.europesays.com\/se\/wp-json\/wp\/v2\/types\/post"}],"author":[{"embeddable":true,"href":"https:\/\/www.europesays.com\/se\/wp-json\/wp\/v2\/users\/2"}],"replies":[{"embeddable":true,"href":"https:\/\/www.europesays.com\/se\/wp-json\/wp\/v2\/comments?post=91866"}],"version-history":[{"count":0,"href":"https:\/\/www.europesays.com\/se\/wp-json\/wp\/v2\/posts\/91866\/revisions"}],"wp:featuredmedia":[{"embeddable":true,"href":"https:\/\/www.europesays.com\/se\/wp-json\/wp\/v2\/media\/91867"}],"wp:attachment":[{"href":"https:\/\/www.europesays.com\/se\/wp-json\/wp\/v2\/media?parent=91866"}],"wp:term":[{"taxonomy":"category","embeddable":true,"href":"https:\/\/www.europesays.com\/se\/wp-json\/wp\/v2\/categories?post=91866"},{"taxonomy":"post_tag","embeddable":true,"href":"https:\/\/www.europesays.com\/se\/wp-json\/wp\/v2\/tags?post=91866"}],"curies":[{"name":"wp","href":"https:\/\/api.w.org\/{rel}","templated":true}]}}