{"id":91869,"date":"2025-11-28T07:59:50","date_gmt":"2025-11-28T07:59:50","guid":{"rendered":"https:\/\/www.europesays.com\/se\/91869\/"},"modified":"2025-11-28T07:59:50","modified_gmt":"2025-11-28T07:59:50","slug":"ovanligt-atal-mot-israelisk-bosattare","status":"publish","type":"post","link":"https:\/\/www.europesays.com\/se\/91869\/","title":{"rendered":"Ovanligt \u00e5tal mot israelisk bos\u00e4ttare"},"content":{"rendered":"<p class=\"boxtextgrotesk-root_baa6 hyperion-css-7pajle\">Publicerad 2025-11-27 21.02<\/p>\n<p>share-arrowDela<\/p>\n<p>unsaveSpara<\/p>\n<p>expand-left<\/p>\n<p>helsk\u00e4rm<img decoding=\"async\" class=\"image-asset hyperion-css-u06ts1\" data-test-tag=\"image-asset\" src=\"https:\/\/www.europesays.com\/se\/wp-content\/uploads\/2025\/11\/0d8131df-a6e6-400b-bbdf-633464331549\"  alt=\"Attacken \u00e4gde rum i n\u00e4rheten av byn Turmus Ayya p\u00e5 ockuperade V\u00e4stbanken. Arkivbild.\"  loading=\"eager\" fetchpriority=\"high\" style=\"aspect-ratio:1900 \/ 1267\"\/>Attacken \u00e4gde rum i n\u00e4rheten av byn Turmus Ayya p\u00e5 ockuperade V\u00e4stbanken. Arkivbild. Foto: Leo Correa\/AP\/TT<\/p>\n<p class=\"hyperion-css-1shl3oz\" data-test-tag=\"lead-text\">En israelisk bos\u00e4ttare misst\u00e4nkt f\u00f6r att ha misshandlat en palestinsk kvinna p\u00e5 ockuperade V\u00e4stbanken \u00e5talas f\u00f6r terrorhandlingar, meddelar Israels f\u00f6rsvarsdepartement.<\/p>\n<p class=\"hyperion-css-1v9qo5x\">Bos\u00e4ttarattacken, som \u00e4gde rum i oktober i n\u00e4rheten av byn Turmus Ayya d\u00e4r kvinnan sk\u00f6rdade oliver, filmades av en utl\u00e4ndsk volont\u00e4r och videon fick stor spridning p\u00e5 sociala medier.<\/p>\n<p class=\"hyperion-css-1v9qo5x\">Den misst\u00e4nkte 24-\u00e5rige mannen \u201dslog kvinnan, en lokalbo som befann sig p\u00e5 platsen f\u00f6r att delta i sk\u00f6rdandet, i huvudet och p\u00e5 kroppen med en tr\u00e4klubba och fortsatte att sl\u00e5 henne \u00e4ven n\u00e4r hon f\u00f6ll till marken, vilket orsakade omfattande skador\u201d, lyder \u00e5talet.<\/p>\n<p class=\"hyperion-css-1v9qo5x\">Den h\u00e4r typen av \u00e5tal mot israeliska bos\u00e4ttare \u00e4r s\u00e4llsynta, \u00e4ven om premi\u00e4rminister Benjamin Netanyahu i ett ovanligt utspel nyligen f\u00f6rd\u00f6mde vad han beskrev som v\u00e5ldshandlingar av \u201den handfull extremister\u201d.<\/p>\n<p class=\"hyperion-css-1v9qo5x\">\u00d6ver 500\u00a0000 israeler bor i de enligt internationell r\u00e4tt illegala bos\u00e4ttningarna p\u00e5 ockuperade V\u00e4stbanken. Bos\u00e4ttarv\u00e5ldet mot palestinier har eskalerat under Gazakriget, och i samband med den senaste tidens utbyggnad av bos\u00e4ttningar som fr\u00e4mjats av den israeliska regeringen.<\/p>\n<p class=\"hyperion-css-1v9qo5x\">Enligt FN \u00e4gde 264 attacker rum under oktober \u2013 det h\u00f6gsta antalet sedan man b\u00f6rjade registrera h\u00e4ndelserna 2006.<\/p>\n<p class=\"hyperion-css-1v9qo5x\">P\u00e5 torsdagen f\u00f6rd\u00f6mde Frankrike, Tyskland, Italien och Storbritannien i ett gemensamt uttalande \u201dden stora \u00f6kingen av bos\u00e4ttarv\u00e5ld mot palestinska civila\u201d.<\/p>\n<p class=\"hyperion-css-1v9qo5x\">\u201dDessa attacker m\u00e5ste upph\u00f6ra\u201d, skriver de, och till\u00e4gger att v\u00e5ldet \u00e4ventyrar fredsprocessen i Gaza och utsikterna f\u00f6r l\u00e5ngsiktig fred.<\/p>\n","protected":false},"excerpt":{"rendered":"Publicerad 2025-11-27 21.02 share-arrowDela unsaveSpara expand-left helsk\u00e4rmAttacken \u00e4gde rum i n\u00e4rheten av byn Turmus Ayya p\u00e5 ockuperade V\u00e4stbanken.&hellip;\n","protected":false},"author":2,"featured_media":91870,"comment_status":"","ping_status":"","sticky":false,"template":"","format":"standard","meta":{"footnotes":""},"categories":[14],"tags":[22,23,26,27,17,21,24,25,28,29,15,16,18,34,31,33,32,30,19,20,51,52,53,54],"class_list":{"0":"post-91869","1":"post","2":"type-post","3":"status-publish","4":"format-standard","5":"has-post-thumbnail","7":"category-varlden","8":"tag-breaking-news","9":"tag-breakingnews","10":"tag-featured-news","11":"tag-featurednews","12":"tag-headlines","13":"tag-huvudnyheter","14":"tag-latest-news","15":"tag-latestnews","16":"tag-main-news","17":"tag-mainnews","18":"tag-news","19":"tag-nyheter","20":"tag-rubriker","21":"tag-se","22":"tag-svenska","23":"tag-sverige","24":"tag-sweden","25":"tag-swedish","26":"tag-top-stories","27":"tag-topstories","28":"tag-varlden","29":"tag-world","30":"tag-world-news","31":"tag-worldnews"},"share_on_mastodon":{"url":"https:\/\/pubeurope.com\/@se\/115626273965050849","error":""},"_links":{"self":[{"href":"https:\/\/www.europesays.com\/se\/wp-json\/wp\/v2\/posts\/91869","targetHints":{"allow":["GET"]}}],"collection":[{"href":"https:\/\/www.europesays.com\/se\/wp-json\/wp\/v2\/posts"}],"about":[{"href":"https:\/\/www.europesays.com\/se\/wp-json\/wp\/v2\/types\/post"}],"author":[{"embeddable":true,"href":"https:\/\/www.europesays.com\/se\/wp-json\/wp\/v2\/users\/2"}],"replies":[{"embeddable":true,"href":"https:\/\/www.europesays.com\/se\/wp-json\/wp\/v2\/comments?post=91869"}],"version-history":[{"count":0,"href":"https:\/\/www.europesays.com\/se\/wp-json\/wp\/v2\/posts\/91869\/revisions"}],"wp:featuredmedia":[{"embeddable":true,"href":"https:\/\/www.europesays.com\/se\/wp-json\/wp\/v2\/media\/91870"}],"wp:attachment":[{"href":"https:\/\/www.europesays.com\/se\/wp-json\/wp\/v2\/media?parent=91869"}],"wp:term":[{"taxonomy":"category","embeddable":true,"href":"https:\/\/www.europesays.com\/se\/wp-json\/wp\/v2\/categories?post=91869"},{"taxonomy":"post_tag","embeddable":true,"href":"https:\/\/www.europesays.com\/se\/wp-json\/wp\/v2\/tags?post=91869"}],"curies":[{"name":"wp","href":"https:\/\/api.w.org\/{rel}","templated":true}]}}