{"id":91873,"date":"2025-11-28T08:07:07","date_gmt":"2025-11-28T08:07:07","guid":{"rendered":"https:\/\/www.europesays.com\/se\/91873\/"},"modified":"2025-11-28T08:07:07","modified_gmt":"2025-11-28T08:07:07","slug":"lunnefaglar-atervander-till-o-efter-25-ar-natursidan","status":"publish","type":"post","link":"https:\/\/www.europesays.com\/se\/91873\/","title":{"rendered":"Lunnef\u00e5glar \u00e5terv\u00e4nder till \u00f6 efter 25 \u00e5r \u2013 Natursidan"},"content":{"rendered":"<p>\u00c4nnu ett arbete med att \u00e5terskapa f\u00f6ruts\u00e4ttningarna f\u00f6r viktiga h\u00e4cknings\u00f6ar runt om i v\u00e4rlden har varit framg\u00e5ngsrikt. Och \u00e5terigen med ungef\u00e4r samma metod. Den h\u00e4r g\u00e5ngen handlar det om den lilla \u00f6n <a href=\"https:\/\/www.ulsterwildlife.org\/nature-reserves\/isle-muck\" rel=\"nofollow noopener\" target=\"_blank\">Isle of Muck<\/a> utanf\u00f6r Nordirland. Under 25 \u00e5rs tid har inte lunnef\u00e5glarna kunnat h\u00e4cka h\u00e4r eftersom det varit fullt med invasiva brunr\u00e5ttor p\u00e5 \u00f6n. Gnagarna \u00e5t upp f\u00e5gel\u00e4ggen s\u00e5 att lunnef\u00e5glarna inte f\u00e5r ut n\u00e5gra ungar. <\/p>\n<p>2017 inleddes arbetet med att utrota r\u00e5ttorna fr\u00e5n \u00f6n. Det inf\u00f6rdes \u00e4ven bete om vintern f\u00f6r att h\u00e5lla vegetationen l\u00e5g. \u00c5tg\u00e4rderna gav resultat sju \u00e5r senare. 2024 s\u00e5gs fem lunnef\u00e5glar runt \u00f6n, men i v\u00e5ras f\u00e5ngade viltkameror dessutom hur tv\u00e5 f\u00e5glar bes\u00f6kte en klippavsats med mat i munnen. Vilket tolkas som att de lyckats med h\u00e4ckningen och f\u00e5tt ungar. F\u00f6rhoppningsvis \u00e4r det b\u00f6rjan p\u00e5 lunnef\u00e5glarnas \u00e5terkomst till \u00f6n.<\/p>\n<p>\n\t\tAnnons\t\t\t<\/p>\n<p>\t\t<a href=\"https:\/\/www.eaglephotography.se\" data-ad-target=\"link\" class=\"Ad-content\" rel=\"sponsored nofollow noopener\" target=\"_blank\"><\/p>\n<p>\t\t\t\t<img alt=\"Annons\" class=\"MediaWrapper-content Ad-image\" src=\"https:\/\/media.arto.se\/app\/uploads\/sites\/6\/2024\/09\/24084641\/image0.jpeg?auto=format&amp;q=50&amp;w=468&amp;h=312\" data-lazy-load-target=\"content\" width=\"468\" height=\"312\" loading=\"lazy\" decoding=\"async\" fetchpriority=\"auto\"\/><\/p>\n<p>\t\t<\/a><\/p>\n<p>Bevis p\u00e5 att det g\u00e5r att g\u00f6ra skillnad<\/p>\n<p>Men det \u00e4r inte bara lunnef\u00e5glarna som \u00e5terf\u00e5tt en l\u00e4mplig h\u00e4cknings\u00f6, som ligger isolerat och inte till\u00e5ter bes\u00f6kare. \u00c4ven ejder, sillgrissla och silltrut har \u00f6kat i antal. <\/p>\n<p>Andy Crory, naturreservatschef f\u00f6r v\u00e4lg\u00f6renhetsorganisationen som tagit \u00f6ver f\u00f6rvaltningen av \u00f6n, ber\u00e4ttar f\u00f6r <a href=\"https:\/\/www.bbc.com\/news\/articles\/cgjded7v0neo\" rel=\"nofollow noopener\" target=\"_blank\">BBC<\/a> att uppt\u00e4ckten av lunnef\u00e5glarna bevisar att det g\u00e5r att hj\u00e4lpa havsf\u00e5glar.<\/p>\n<p>\u2013\u00a0Havsf\u00e5glar st\u00e5r inf\u00f6r enorma utmaningar globalt. 24 av 25 h\u00e4ckande arter \u00e4r i riskzonen f\u00f6r lokal eller global utrotning. S\u00e5 \u00e4ven om en handfull lunnef\u00e5glar p\u00e5 en liten \u00f6 kan verka obetydligt, \u00e4r detta \u00f6gonblick enormt \u2013 det bevisar att insatser f\u00f6r sj\u00f6f\u00e5glar fungerar.<\/p>\n<p>K\u00e4lla: <a href=\"https:\/\/www.birdguides.com\/news\/puffins-make-long-awaited-comeback-to-northern-irish-island\/?fbclid=IwY2xjawORDBBleHRuA2FlbQIxMQBzcnRjBmFwcF9pZBAyMjIwMzkxNzg4MjAwODkyAAEeqvIbbJwpR0rAVnfkx-Jl5uU3FCFni0hoTtRW4UTMfdzGazsGcLszN2NVTpA_aem_J2WcEPmeeFM1UHfJQXtOVg\" rel=\"nofollow noopener\" target=\"_blank\">Birdguides<\/a> och <a href=\"https:\/\/www.bbc.com\/news\/articles\/cgjded7v0neo\" rel=\"nofollow noopener\" target=\"_blank\">BBC<\/a><\/p>\n","protected":false},"excerpt":{"rendered":"\u00c4nnu ett arbete med att \u00e5terskapa f\u00f6ruts\u00e4ttningarna f\u00f6r viktiga h\u00e4cknings\u00f6ar runt om i v\u00e4rlden har varit framg\u00e5ngsrikt. Och&hellip;\n","protected":false},"author":2,"featured_media":91874,"comment_status":"","ping_status":"","sticky":false,"template":"","format":"standard","meta":{"footnotes":""},"categories":[14],"tags":[22,23,26,27,17,21,24,25,28,29,15,16,18,34,31,33,32,30,19,20,51,52,53,54],"class_list":{"0":"post-91873","1":"post","2":"type-post","3":"status-publish","4":"format-standard","5":"has-post-thumbnail","7":"category-varlden","8":"tag-breaking-news","9":"tag-breakingnews","10":"tag-featured-news","11":"tag-featurednews","12":"tag-headlines","13":"tag-huvudnyheter","14":"tag-latest-news","15":"tag-latestnews","16":"tag-main-news","17":"tag-mainnews","18":"tag-news","19":"tag-nyheter","20":"tag-rubriker","21":"tag-se","22":"tag-svenska","23":"tag-sverige","24":"tag-sweden","25":"tag-swedish","26":"tag-top-stories","27":"tag-topstories","28":"tag-varlden","29":"tag-world","30":"tag-world-news","31":"tag-worldnews"},"share_on_mastodon":{"url":"https:\/\/pubeurope.com\/@se\/115626301506185314","error":""},"_links":{"self":[{"href":"https:\/\/www.europesays.com\/se\/wp-json\/wp\/v2\/posts\/91873","targetHints":{"allow":["GET"]}}],"collection":[{"href":"https:\/\/www.europesays.com\/se\/wp-json\/wp\/v2\/posts"}],"about":[{"href":"https:\/\/www.europesays.com\/se\/wp-json\/wp\/v2\/types\/post"}],"author":[{"embeddable":true,"href":"https:\/\/www.europesays.com\/se\/wp-json\/wp\/v2\/users\/2"}],"replies":[{"embeddable":true,"href":"https:\/\/www.europesays.com\/se\/wp-json\/wp\/v2\/comments?post=91873"}],"version-history":[{"count":0,"href":"https:\/\/www.europesays.com\/se\/wp-json\/wp\/v2\/posts\/91873\/revisions"}],"wp:featuredmedia":[{"embeddable":true,"href":"https:\/\/www.europesays.com\/se\/wp-json\/wp\/v2\/media\/91874"}],"wp:attachment":[{"href":"https:\/\/www.europesays.com\/se\/wp-json\/wp\/v2\/media?parent=91873"}],"wp:term":[{"taxonomy":"category","embeddable":true,"href":"https:\/\/www.europesays.com\/se\/wp-json\/wp\/v2\/categories?post=91873"},{"taxonomy":"post_tag","embeddable":true,"href":"https:\/\/www.europesays.com\/se\/wp-json\/wp\/v2\/tags?post=91873"}],"curies":[{"name":"wp","href":"https:\/\/api.w.org\/{rel}","templated":true}]}}