{"id":91903,"date":"2025-11-28T08:45:14","date_gmt":"2025-11-28T08:45:14","guid":{"rendered":"https:\/\/www.europesays.com\/se\/91903\/"},"modified":"2025-11-28T08:45:14","modified_gmt":"2025-11-28T08:45:14","slug":"apple-airpods-pro-3-recension-batteritiden-ar-den-enda-lilla-svagheten-i-ett-annars-nastan-perfekt-par-brusreducerande-horlurar","status":"publish","type":"post","link":"https:\/\/www.europesays.com\/se\/91903\/","title":{"rendered":"Apple AirPods Pro 3 &#8211; recension: batteritiden \u00e4r den enda lilla svagheten i ett annars n\u00e4stan perfekt par brusreducerande h\u00f6rlurar"},"content":{"rendered":"<p id=\"how-we-test\">\nVarf\u00f6r du kan lita p\u00e5 TechRadar<\/p>\n<p>V\u00e5ra expertgranskare spenderar timmar p\u00e5 att testa och j\u00e4mf\u00f6ra produkter och tj\u00e4nster s\u00e5 att du kan v\u00e4lja det b\u00e4sta f\u00f6r dig. <a href=\"https:\/\/global.techradar.com\/sv-se\/news\/techradar-sveriges-testgaranti\" data-before-rewrite-localise=\"https:\/\/global.techradar.com\/sv-se\/news\/techradar-sveriges-testgaranti\" rel=\"nofollow noopener\" target=\"_blank\">L\u00e4s mer om hur vi testar<\/a>.\n<\/p>\n<p><a id=\"elk-apple-airpods-pro-3-kort-sammanfattning\" data-url=\"\" href=\"\" target=\"_blank\" referrerpolicy=\"no-referrer-when-downgrade\" data-hl-processed=\"none\"\/>Apple AirPods Pro 3: kort sammanfattning<\/p>\n<p id=\"bd72f182-d36d-4990-b6f2-9858fec0da0e\">AirPods Pro 3 \u00e4r ett imponerande par h\u00f6rlurar fr\u00e5n <a data-analytics-id=\"inline-link\" href=\"https:\/\/global.techradar.com\/sv-se\/tag\/apple\" data-auto-tag-linker=\"true\" data-url=\"https:\/\/global.techradar.com\/sv-se\/tag\/apple\" data-hl-processed=\"none\" data-mrf-recirculation=\"inline-link\" data-before-rewrite-localise=\"https:\/\/global.techradar.com\/sv-se\/tag\/apple\" rel=\"nofollow noopener\" target=\"_blank\">Apple<\/a>. De \u00e4r fortfarande kritvita, sm\u00e5 och smidiga, men l\u00e5t oss vara tydliga: de fungerar b\u00e4st med iPhone, iPad eller MacBook. Ja, de fungerar med Android ocks\u00e5, men du f\u00f6rlorar flera av de mest grundl\u00e4ggande funktionerna \u2013 som automatisk enhetsv\u00e4xling och snabb batterikontroll.<\/p>\n<p class=\"paywall\" aria-hidden=\"true\">Vi testade AirPods Pro 3 fr\u00e4mst tillsammans med en iPhone 15 Pro Max \u2013 den \u00e4ldsta modellen som fortfarande st\u00f6der Apple Intelligence. Och det \u00e4r faktiskt viktigt, eftersom du utan det g\u00e5r miste om centrala funktioner som Live Translation och personliga h\u00e4lsoinsikter.<\/p>\n<p><a id=\"elk-seasonal\" class=\"paywall\" aria-hidden=\"true\" data-url=\"\" href=\"\" target=\"_blank\" referrerpolicy=\"no-referrer-when-downgrade\" data-hl-processed=\"none\"\/><\/p>\n<p id=\"bd72f182-d36d-4990-b6f2-9858fec0da0e-2\">Den h\u00e4r g\u00e5ngen f\u00e5r du fem olika \u00f6ronproppar i f\u00f6rpackningen, och Apple har lyckats f\u00f6rb\u00e4ttra sj\u00e4lva h\u00f6gtalardesignen s\u00e5 att de ska sitta b\u00e4ttre direkt. Det gjorde de verkligen \u2013 f\u00f6r flera skribenter i TechRadar-teamet. \u00c4r det n\u00e5gra av de b\u00e4sta h\u00f6rlurarna just nu n\u00e4r det g\u00e4ller passform, innovation (hej, pulsm\u00e4tning och Live Translation) och marknadsledande brusreducering? Utan tvekan.<\/p>\n<p>Det finns dock ett par sm\u00e5 irritationsmoment. Testexemplaret v\u00e4grade para ihop sig med en iPhone 12 Pro Max \u2013 eftersom den inte st\u00f6der Apple Intelligence \u2013 och en fabriks\u00e5terst\u00e4llning har blivit mer komplicerad \u00e4n tidigare. Den fysiska knappen p\u00e5 fodralets baksida \u00e4r n\u00e4mligen borta. Ist\u00e4llet m\u00e5ste du dubbeltrycka p\u00e5 fodralets framsida f\u00f6r att \u00e5terst\u00e4lla dem, utan att samtidigt r\u00f6ra locket. L\u00e5ter det kr\u00e5ngligt? Det \u00e4r det ocks\u00e5.<\/p>\n<p>Batteritiden \u00e4r ocks\u00e5 fortfarande ett litet fr\u00e5getecken. Apple s\u00e4ger upp till \u00e5tta timmar med ANC aktiverat (upp fr\u00e5n sex timmar i AirPods Pro 2), men det g\u00e4ller utan funktioner som Spatial Audio, pulsm\u00e4tning eller andra aktiva inst\u00e4llningar. I v\u00e5rt test landade batteritiden snarare runt 5,5 timmar \u2013 helt okej, men inte fantastiskt.<\/p>\n<p>Allt det h\u00e4r sagt: ljudet i AirPods Pro 3 \u00e4r energiskt och imponerande \u2013 s\u00e4rskilt med dynamisk huvudsp\u00e5rning aktiverad. Musiken l\u00e5ter engagerande och fyllig, och framf\u00f6r allt levererar de en n\u00e4stan ljudl\u00f6s brusreducering som vi inte upplevt tidigare med en iPhone. Det g\u00f6r dem v\u00e4l v\u00e4rda priset \u2013 vare sig du ska ut p\u00e5 en l\u00e5ngresa eller bara vill ha total tystnad under pendlingen.<\/p>\n<p><a id=\"elk-inbody\" class=\"paywall\" aria-hidden=\"true\" data-url=\"\" href=\"\" target=\"_blank\" referrerpolicy=\"no-referrer-when-downgrade\" data-hl-processed=\"none\"\/><\/p>\n<ul class=\"hawk-inbody-container\">\n<li><a data-google-interstitial=\"false\" aria-label=\"View Apple AirPods Pro 3 on Amazon SE\" href=\"https:\/\/target.georiot.com\/Proxy.ashx?tsid=8428&amp;GR_URL=https%3A%2F%2Fwww.amazon.se%2Fdp%2FB0FQF9RJSJ%3Ftag%3Dtech0se-21%26linkCode%3Dosi%26th%3D1%26psc%3D1%26ascsubtag%3Dtrd-se-7130825745127525839-21\" referrerpolicy=\"no-referrer-when-downgrade\" class=\"hawk-affiliate-link-inline\" data-product-key=\"133308-B0FQF9RJSJ\" data-url=\"https:\/\/target.georiot.com\/Proxy.ashx?tsid=8428&amp;GR_URL=https%3A%2F%2Fwww.amazon.se%2Fdp%2FB0FQF9RJSJ%3Ftag%3Dtech0se-21%26linkCode%3Dosi%26th%3D1%26psc%3D1%26ascsubtag%3Dtrd-se-7130825745127525839-21\" data-model-id=\"1045163\" data-match-id=\"869751805\" data-product-type=\"1000\" data-link-merchant=\"Amazon SE\" data-merchant-id=\"187470\" data-merchant-name=\"Amazon SE\" data-merchant-url=\"https:\/\/www.amazon.se\/\" data-aps-asin=\"B0FQF9RJSJ\" rel=\"sponsored noopener nofollow\" target=\"_blank\" role=\"link\" tabindex=\"0\">Apple AirPods Pro 3 (Vit) hos Amazon SE f\u00f6r 2\u00a0988\u00a0kr<\/a><\/li>\n<\/ul>\n<p><a id=\"elk-apple-airpods-pro-3-pris-slaeppdatum\" class=\"paywall\" aria-hidden=\"true\" data-url=\"\" href=\"\" target=\"_blank\" referrerpolicy=\"no-referrer-when-downgrade\" data-hl-processed=\"none\"\/>Apple AirPods Pro 3: pris &amp; sl\u00e4ppdatum<\/p>\n<p class=\"vanilla-image-block\" style=\"padding-top:56.25%;\">\n<p><img decoding=\"async\" src=\"https:\/\/www.europesays.com\/se\/wp-content\/uploads\/2025\/11\/bujkeuYhmZMxgjxetcJPBg.jpg\" alt=\"Apple AirPods Pro 3\"   loading=\"lazy\" data-new-v2-image=\"true\" data-original-mos=\"https:\/\/www.europesays.com\/se\/wp-content\/uploads\/2025\/11\/bujkeuYhmZMxgjxetcJPBg.jpg\" data-pin-media=\"https:\/\/www.europesays.com\/se\/wp-content\/uploads\/2025\/11\/bujkeuYhmZMxgjxetcJPBg.jpg\"\/>\n<\/p>\n<p>(Image credit: Future)<\/p>\n<ul id=\"d22e6d0e-72ac-4eb7-a916-27d201a6ae91\">\n<li><strong>Lanserades den 9 september 2025<\/strong><\/li>\n<li><strong>Pris 2 995 kronor<\/strong><\/li>\n<li><strong>Finns i vitt eller .. vitt!<\/strong><\/li>\n<\/ul>\n<p id=\"23774a61-c96e-45de-a293-134fd1e02d3e\">Trots inflationen vi sett under de senaste \u00e5ren har Apple valt att stanna kvar vid samma lanseringspris som tidigare modeller i deras AirPods Pro-serie. Detta inneb\u00e4r att du kan klicka hem de senaste AirPods Pro 3 f\u00f6r 2 995 kronor.<\/p>\n<p class=\"newsletter-form__strapline\">Registrera dig f\u00f6r senaste nyheter, recensioner, \u00e5sikter, toppteknologiska erbjudanden och mer.<\/p>\n<p>Det priset inneb\u00e4r faktiskt att AirPods Pro 3 kan r\u00e4knas till den nedre delen av premiumsegmentet beroende p\u00e5 region. Vi vet \u2013 ov\u00e4ntat, men sant.<\/p>\n<p>N\u00e4r det g\u00e4ller direkta konkurrenter \u00e4r det mest uppenbara alternativet AirPods Pro 2, som nu ofta kan hittas f\u00f6r runt 2 500 kronor. Andra konkurrenter \u00e4r Bowers &amp; Wilkins Pi8 (avsev\u00e4rt dyrare, runt 3 600 kronor), Technics EAH-AZ100 (runt 3 400 kronor) samt Bose QuietComfort Ultra Earbuds (2 Gen) f\u00f6r 3 599 kronor.<\/p>\n<p>Med andra ord: n\u00e4r man ser till marknaden har Apple faktiskt placerat sig ganska aggressivt i pris den h\u00e4r g\u00e5ngen.<\/p>\n<p><a id=\"elk-apple-airpods-pro-3-specifikationer\" class=\"paywall\" aria-hidden=\"true\" data-url=\"\" href=\"\" target=\"_blank\" referrerpolicy=\"no-referrer-when-downgrade\" data-hl-processed=\"none\"\/>Apple AirPods Pro 3: specifikationerSwipe to scroll horizontally<\/p>\n<tr class=\"table__body__row\">\n<td class=\"table_body__data\" colspan=\"1\" style=\"text-align:left\">\n<p>Drivers<\/p>\n<\/td>\n<td class=\"table_body__data\" colspan=\"1\" style=\"text-align:left\">\n<p>Specialanpassat h\u00f6gslagigt Apple-element med ny flerports akustisk arkitektur och justerad elementvinkel<\/p>\n<\/td>\n<\/tr>\n<tr class=\"table__body__row\">\n<td class=\"table_body__data\" colspan=\"1\" style=\"text-align:left\">\n<p>Aktiv brusreducering<\/p>\n<\/td>\n<td class=\"table_body__data\" colspan=\"1\" style=\"text-align:left\">\n<p>Ja<\/p>\n<\/td>\n<\/tr>\n<tr class=\"table__body__row\">\n<td class=\"table_body__data\" colspan=\"1\" style=\"text-align:left\">\n<p>Batteritid<\/p>\n<\/td>\n<td class=\"table_body__data\" colspan=\"1\" style=\"text-align:left\">\n<p>8 timmar (h\u00f6rlurar, ANC p\u00e5); 6,5 timmar (h\u00f6rlurar, pulssensor p\u00e5); 24 timmar (fodral)<\/p>\n<\/td>\n<\/tr>\n<tr class=\"table__body__row\">\n<td class=\"table_body__data\" colspan=\"1\" style=\"text-align:left\">\n<p>Vikt<\/p>\n<\/td>\n<td class=\"table_body__data\" colspan=\"1\" style=\"text-align:left\">\n<p>5,6g (earbuds); 44g (fodral)<\/p>\n<\/td>\n<\/tr>\n<tr class=\"table__body__row\">\n<td class=\"table_body__data\" colspan=\"1\" style=\"text-align:left\">\n<p>Anslutning<\/p>\n<\/td>\n<td class=\"table_body__data\" colspan=\"1\" style=\"text-align:left\">\n<p>Bluetooth 5.3 (H2 chip) <\/p>\n<\/td>\n<\/tr>\n<tr class=\"table__body__row\">\n<td class=\"table_body__data\" colspan=\"1\" style=\"text-align:left\">\n<p>Vattent\u00e5lighet<\/p>\n<\/td>\n<td class=\"table_body__data\" colspan=\"1\" style=\"text-align:left\">\n<p>IP57<\/p>\n<\/td>\n<\/tr>\n<p class=\"vanilla-image-block\" style=\"padding-top:56.25%;\">\n<p><img decoding=\"async\" src=\"https:\/\/www.europesays.com\/se\/wp-content\/uploads\/2025\/11\/i3AkV4gyXkZFuRs6zD4gpf.jpg\" alt=\"Apple AirPods Pro 3\"   loading=\"lazy\" data-new-v2-image=\"true\" data-original-mos=\"https:\/\/www.europesays.com\/se\/wp-content\/uploads\/2025\/11\/i3AkV4gyXkZFuRs6zD4gpf.jpg\" data-pin-media=\"https:\/\/www.europesays.com\/se\/wp-content\/uploads\/2025\/11\/i3AkV4gyXkZFuRs6zD4gpf.jpg\"\/>\n<\/p>\n<p>AirPods Pro 3 till h\u00f6ger och AirPods Pro 2 till v\u00e4nster. (Image credit: Future)<a id=\"elk-apple-airpods-pro-3-funktioner\" class=\"paywall\" aria-hidden=\"true\" data-url=\"\" href=\"\" target=\"_blank\" referrerpolicy=\"no-referrer-when-downgrade\" data-hl-processed=\"none\"\/>Apple AirPods Pro 3: funktioner<\/p>\n<ul id=\"49ea5caa-26a9-491d-8c9a-9c71e2892794\">\n<li><strong>Live\u00f6vers\u00e4ttning \u00e4r riktigt roligt (n\u00e4r du v\u00e4l f\u00e5tt ig\u00e5ng det)<\/strong><\/li>\n<li><strong>Pulsm\u00e4tning<\/strong><\/li>\n<\/ul>\n<p id=\"0d24d8fe-0fb8-43a5-b90f-6e95ef15e554\">H\u00e4r finns mycket att g\u00e5 igenom, men vi b\u00f6rjar med funktionen som inga andra AirPods har \u2013 \u00e5tminstone inte \u00e4n: pulsm\u00e4tning. Bara genom att b\u00e4ra dem kan den lilla svarta sensorranden p\u00e5 insidan av varje h\u00f6rlur, tillsammans med inbyggda r\u00f6relsesensorer, registrera upp till 50 olika tr\u00e4ningsaktiviteter \u2013 utan att du beh\u00f6ver en <a data-analytics-id=\"inline-link\" href=\"https:\/\/global.techradar.com\/sv-se\/tag\/apple-watch\" data-auto-tag-linker=\"true\" data-url=\"https:\/\/global.techradar.com\/sv-se\/tag\/apple-watch\" data-hl-processed=\"none\" data-mrf-recirculation=\"inline-link\" data-before-rewrite-localise=\"https:\/\/global.techradar.com\/sv-se\/tag\/apple-watch\" rel=\"nofollow noopener\" target=\"_blank\">Apple Watch<\/a>. Det r\u00e4cker att ha minst en av h\u00f6rlurarna i \u00f6rat f\u00f6r att f\u00e5 pulsm\u00e4tning.<\/p>\n<p>Enligt Apple anv\u00e4nder AirPods Pro 3 en specialdesignad fotopletysmografisensor (PPG) som skickar ut osynligt infrar\u00f6tt ljus 256 g\u00e5nger per sekund f\u00f6r att m\u00e4ta hur mycket ljus som absorberas i blodfl\u00f6det.<\/p>\n<p>Detta \u00e4r faktiskt en annan l\u00f6sning \u00e4n den som finns i Beats Powerbeats Pro 2 (ocks\u00e5 tillverkade av Apple) som lanserades tidigare 2025. D\u00e4r kr\u00e4vs att du b\u00e4r b\u00e5da h\u00f6rlurarna, och de anv\u00e4nder gr\u00f6na LED-ljus som pulserar \u00f6ver 100 g\u00e5nger per sekund och m\u00e4ter det reflekterade ljuset f\u00f6r att r\u00e4kna ut pulsen.<\/p>\n<p>Vi hade h\u00f6rt att en av v\u00e5ra favoritappar Seven (den klassiska &#8221;sju minuters tr\u00e4ning&#8221;-appen) skulle kunna visa pulsm\u00e4tningen direkt i appen, men tyv\u00e4rr st\u00e4mde inte det. Apple har i skrivande stund inte publicerat n\u00e5gon officiell lista \u00f6ver tredjepartsappar som st\u00f6der h\u00f6rlurarnas pulsm\u00e4tning. Men vi kunde \u00e4nd\u00e5 se att pulsen steg fr\u00e5n vilopuls p\u00e5 60 BPM till 117 BPM under passet \u2013 eftersom v\u00e4rdet visas i H\u00e4lsa-appen. Du kan ocks\u00e5 be Siri att l\u00e4sa upp din puls n\u00e4r som helst (efter att du aktiverat funktionen och gett tillst\u00e5nd i Siri-inst\u00e4llningarna).<\/p>\n<p>Apple anv\u00e4nder uppenbart den h\u00e4r funktionen f\u00f6r att f\u00e5 dig att anv\u00e4nda deras egna Fitness-app (eller \u00e4nnu hellre betaltj\u00e4nsten Fitness+). Redan i gratisversionen visas 19 typer av aktiviteter, med integrerad Apple Music-spelning, din AirPods-ikon uppe i h\u00f6rnet, tre olika \u201dtr\u00e4ningskompis\u201d-r\u00f6ster via Apple Intelligence, och en hj\u00e4rtikon som p\u00e5minner dig om att pulsm\u00e4tningen \u00e4r ig\u00e5ng.<\/p>\n<p class=\"vanilla-image-block\" style=\"padding-top:52.99%;\">\n<p><img decoding=\"async\" src=\"https:\/\/www.europesays.com\/se\/wp-content\/uploads\/2025\/11\/X4DSyY3TGmb3VxuCk6uwwQ.png\" alt=\"Sk&amp;auml;rmdumpar fr&amp;aring;n ett par AirPods Pro 3 som anv&amp;auml;nds med en iPhone.\"   loading=\"lazy\" data-new-v2-image=\"true\" data-original-mos=\"https:\/\/www.europesays.com\/se\/wp-content\/uploads\/2025\/11\/X4DSyY3TGmb3VxuCk6uwwQ.png\" data-pin-media=\"https:\/\/www.europesays.com\/se\/wp-content\/uploads\/2025\/11\/X4DSyY3TGmb3VxuCk6uwwQ.png\"\/>\n<\/p>\n<p>(Image credit: Apple)<\/p>\n<p id=\"a8b9ff99-1c9e-409c-9404-47b17dbe4d99\">N\u00e4r du v\u00e4l f\u00e5tt ig\u00e5ng funktionen \u00e4r den fantastisk. Men v\u00e4gen dit kr\u00e4ver lite t\u00e5lamod \u2013 det \u00e4r en del steg och inst\u00e4llningar som beh\u00f6ver fixas innan allt fungerar som det ska. V\u00e5rt r\u00e5d: g\u00f6r detta direkt n\u00e4r du konfigurerar dina AirPods, s\u00e5 slipper du st\u00e5 vid en bardisk och be n\u00e5gon v\u00e4nta medan du f\u00f6rs\u00f6ker \u00f6vers\u00e4tta ett samtal.<\/p>\n<p>Du beh\u00f6ver: AirPods Pro 3 (funktionen finns \u00e4ven i AirPods 4 ANC och AirPods Pro 2), en iPhone 15 Pro eller nyare modell, iOS 26 eller senare, Apple Intelligence aktiverat, Translate-appen installerad med spr\u00e5kmodulerna nedladdade, samt den senaste firmwareversionen f\u00f6r AirPods.<\/p>\n<p>Vi valde att anpassa Action-knappen p\u00e5 v\u00e5r iPhone 15 Pro Max f\u00f6r att starta Live Translation, eftersom vi tyckte det gick snabbare och fungerade mer konsekvent \u00e4n att trycka p\u00e5 b\u00e5da h\u00f6rlurarnas skaft. Oavsett metod \u2013 n\u00e4r det v\u00e4l fungerar k\u00e4nns det lite som att vara James Bond i Casino Royale.<\/p>\n<p>En spansktalande kompis fick agera testperson. Han ber\u00e4ttade om sina kv\u00e4llsplaner p\u00e5 spanska, och inom n\u00e5gra sekunder fick vi den engelska \u00f6vers\u00e4ttningen uppl\u00e4st i \u00f6ronen \u2013 samtidigt som texten d\u00f6k upp p\u00e5 min iPhone-sk\u00e4rm. Otroligt imponerande.<\/p>\n<p>Apple har ocks\u00e5 beh\u00e5llit sina passforms- och h\u00f6rseltester, och de \u00e4r lika grundliga som tidigare. Vi svarade \u00e4rligt p\u00e5 h\u00f6rseltestet, s\u00e5 vi kan inte utv\u00e4rdera h\u00f6rhj\u00e4lpsfunktionen i praktiken, men vi uppskattar verkligen Conversation Awareness \u2013 som s\u00e4nker volymen och reducerar bakgrundsljud automatiskt n\u00e4r du b\u00f6rjar prata.<\/p>\n<p>Det \u00e4r dock v\u00e4rt att n\u00e4mna att b\u00e5de Live\u00f6vers\u00e4ttning och Conversation Awareness inte \u00e4r allas favoritfunktioner. De uppmuntrar dig n\u00e4mligen att ha h\u00f6rlurarna i \u00f6ronen hela tiden \u2013 vilket vissa tycker k\u00e4nns oartigt. Kanske kommer det sluta st\u00f6ra oss i framtiden n\u00e4r n\u00e5gon v\u00e4grar ta ur sina AirPods under ett samtal&#8230; men vi tvivlar p\u00e5 det.<\/p>\n<p class=\"vanilla-image-block\" style=\"padding-top:53.87%;\">\n<p><img decoding=\"async\" src=\"https:\/\/www.europesays.com\/se\/wp-content\/uploads\/2025\/11\/z4KJiy3kZXRHLLmmXqLaTE.png\" alt=\"AirPods Pro 3 tre sk&amp;auml;rmdumpar som visar &amp;ouml;vers&amp;auml;ttning till v&amp;auml;nster, puls i mitten och passformstestet till h&amp;ouml;ger\"   loading=\"lazy\" data-new-v2-image=\"true\" data-original-mos=\"https:\/\/www.europesays.com\/se\/wp-content\/uploads\/2025\/11\/z4KJiy3kZXRHLLmmXqLaTE.png\" data-pin-media=\"https:\/\/www.europesays.com\/se\/wp-content\/uploads\/2025\/11\/z4KJiy3kZXRHLLmmXqLaTE.png\"\/>\n<\/p>\n<p>(Image credit: Future)<\/p>\n<ul id=\"78c124eb-f6c0-4400-a625-b6d32f799999\">\n<li><strong>Funktioner &#8211; po\u00e4ng: 5 \/ 5<\/strong><\/li>\n<\/ul>\n<p class=\"vanilla-image-block\" style=\"padding-top:56.22%;\">\n<p><img decoding=\"async\" src=\"https:\/\/www.europesays.com\/se\/wp-content\/uploads\/2025\/11\/GoyXRVZdAQJ3krXUMZ6znZ.jpg\" alt=\"AirPods Pro 3\"   loading=\"lazy\" data-new-v2-image=\"true\" data-original-mos=\"https:\/\/www.europesays.com\/se\/wp-content\/uploads\/2025\/11\/GoyXRVZdAQJ3krXUMZ6znZ.jpg\" data-pin-media=\"https:\/\/www.europesays.com\/se\/wp-content\/uploads\/2025\/11\/GoyXRVZdAQJ3krXUMZ6znZ.jpg\"\/>\n<\/p>\n<p>(Image credit: Future)<a id=\"elk-apple-airpods-pro-3-ljudkvalitet\" class=\"paywall\" aria-hidden=\"true\" data-url=\"\" href=\"\" target=\"_blank\" referrerpolicy=\"no-referrer-when-downgrade\" data-hl-processed=\"none\"\/>Apple AirPods Pro 3: ljudkvalitet<\/p>\n<ul id=\"a3ac45bf-4f51-46d0-851b-4675fc474360\">\n<li><strong>Njutbart, k\u00e4nsloladdat ljud med personlig rumslig ljudbild<\/strong><\/li>\n<li><strong>R\u00f6ster har fin textur och tredimensionell karakt\u00e4r<\/strong><\/li>\n<li><strong>Inte absolut neutralitet eller maximal detalj \u2013 men det \u00e4r inte po\u00e4ngen<\/strong><\/li>\n<\/ul>\n<p id=\"3c2bb2de-06b8-4a4c-90e9-56362416748d\">Vi kan b\u00f6rja med att konstatera att brusreduceringen \u00e4r fantastisk \u2013 n\u00e4stan skr\u00e4mmande effektiv, men utan den d\u00e4r vakuumliknande, obekv\u00e4ma k\u00e4nslan som vissa h\u00f6rlurar kan ge. Apples aktiva brusreducering i AirPods Pro 3 \u00e4r p\u00e5 en niv\u00e5 som g\u00f6r att omv\u00e4rlden n\u00e4stan f\u00f6rsvinner helt, men p\u00e5 ett behagligt s\u00e4tt.<\/p>\n<p>N\u00e4r vi testade Apples \u201dAdaptiva\u201d ljudl\u00e4ge m\u00e4rkte vi dock att det reagerade lite l\u00e5ngsamt p\u00e5 vissa l\u00e5gintensiva ljud, s\u00e5 vi f\u00f6redrog att ha brusreducering och samtalsmedvetenhet aktiverat vid skrivbordet. Det gav oss en lugn start p\u00e5 dagen, insvept i en tystnad som knappt n\u00e5got kunde bryta.<\/p>\n<p>Rent ljudm\u00e4ssigt bjuder AirPods Pro 3 p\u00e5 en expansiv och livlig ljudbild, d\u00e4r basen f\u00e5r gott om utrymme att mullra utan att ta \u00f6ver. Den detaljerade gitarrinledningen i Daddy Yankees \u201dToy Hermoso\u201d har en h\u00e4rlig textur i mellanregistret, och det k\u00e4nns n\u00e4stan som om gitarristen sitter precis till v\u00e4nster om oss. N\u00e4r reggaetonrytmen sedan kickar in blir det en medryckande, dansant mix som f\u00e5r oss att gunga i stolen \u2013 s\u00e4rskilt med rumsligt ljud och huvudsp\u00e5rning aktiverat.<\/p>\n<p>N\u00e4r vi slog p\u00e5 Rema \u2013 \u201dFUN\u201d \u00e5terges det varma, brusiga introsp\u00e5ret p\u00e5 ett trov\u00e4rdigt s\u00e4tt, och n\u00e4r dynamiken \u00f6kar byggs tempot upp med imponerande precision.<\/p>\n<p>Om vi pratar neutralitet och detalj, s\u00e5 erbjuder b\u00e5de Technics EAH-AZ100 och Bowers &amp; Wilkins Pi8 lite mer p\u00e5 dessa punkter \u2013 till exempel i Taylor Swifts \u201dElizabeth Taylor\u201d, d\u00e4r hennes r\u00f6st k\u00e4nns n\u00e5got mer n\u00e4rvarande och naturlig. Men om man ist\u00e4llet prioriterar energi, inlevelse och kraft, tycker vi faktiskt att AirPods Pro 3 \u00f6vertr\u00e4ffar de ocks\u00e5 utm\u00e4rkta <a data-analytics-id=\"inline-link\" href=\"https:\/\/www.techradar.com\/audio\/earbuds-airpods\/bose-quietcomfort-ultra-earbuds-2nd-gen-review\" target=\"_blank\" data-mrf-recirculation=\"inline-link\" rel=\"nofollow noopener\">Bose QuietComfort Ultra Earbuds (2 Gen)<\/a> \u2013 och det s\u00e4ger en hel del.<\/p>\n<ul id=\"b61a43af-2d9c-4e46-b7ea-74182ed859b3\">\n<li><strong>Ljudkvalitet &#8211; po\u00e4ng: 4,5 \/ 5<\/strong><\/li>\n<\/ul>\n<p class=\"vanilla-image-block\" style=\"padding-top:56.22%;\">\n<p><img decoding=\"async\" src=\"https:\/\/www.europesays.com\/se\/wp-content\/uploads\/2025\/11\/vvXqSbmakuYi4vz6JJy4zf.jpg\" alt=\"Apple AirPods Pro 3\"   loading=\"lazy\" data-new-v2-image=\"true\" data-original-mos=\"https:\/\/www.europesays.com\/se\/wp-content\/uploads\/2025\/11\/vvXqSbmakuYi4vz6JJy4zf.jpg\" data-pin-media=\"https:\/\/www.europesays.com\/se\/wp-content\/uploads\/2025\/11\/vvXqSbmakuYi4vz6JJy4zf.jpg\"\/>\n<\/p>\n<p>AirPods Pro 3 till h\u00f6ger \u2013 utan knapp! (Image credit: Future)<a id=\"elk-apple-airpods-pro-3-design\" class=\"paywall\" aria-hidden=\"true\" data-url=\"\" href=\"\" target=\"_blank\" referrerpolicy=\"no-referrer-when-downgrade\" data-hl-processed=\"none\"\/>Apple AirPods Pro 3: design<\/p>\n<ul id=\"8df30b15-17fb-4d6b-89ee-d6badc3aaa39\">\n<li><strong>Avsev\u00e4rt f\u00f6rb\u00e4ttrad passform<\/strong><\/li>\n<li><strong>Avsaknaden av fodral-knappen \u00e4r ett snedsteg<\/strong><\/li>\n<li><strong>B\u00f6rjar bli dags f\u00f6r en dedikerad app<\/strong><\/li>\n<\/ul>\n<p id=\"dfe86bff-a3ca-4254-a315-6117fa5a5ae4\">Som n\u00e4mnts tidigare har formen p\u00e5 sj\u00e4lva h\u00f6rsn\u00e4ckorna designats om. Vinkeln p\u00e5 halsen har \u00e4ndrats markant, och vi m\u00e5ste s\u00e4ga att vi \u00e4r stora fans. Kort sagt: de sitter mycket b\u00e4ttre och s\u00e4krare \u00e4n tidigare modeller \u2013 \u00e4ven n\u00e4r vi skakar p\u00e5 huvudet. F\u00f6r oss har inga AirPods suttit s\u00e5 h\u00e4r stabilt f\u00f6rr.<\/p>\n<p>Med IP57-klassning \u00e4r de dessutom dammt\u00e5liga och vattent\u00e5liga ned till en meters djup i upp till 30 minuter, vilket \u00e4r riktigt imponerande.<\/p>\n<p>Laddningsetuiet \u00e4r nu n\u00e5got h\u00f6gre och bredare, men tunnare, vilket ger ett elegantare intryck. LED-lampan \u00e4r helt osynlig n\u00e4r den inte lyser \u2013 en stilren detalj. D\u00e4remot \u00e4r den saknade knappen p\u00e5 baksidan ett minus. Vi m\u00e4rkte det n\u00e4r vi skulle para ihop v\u00e5ra AirPods Pro 3 med en ny iPhone som st\u00f6der Apple Intelligence. Att \u00e5terst\u00e4lla lurarna \u00e4r nu betydligt mer omst\u00e4ndligt, eftersom man m\u00e5ste dubbeltrycka p\u00e5 framsidan av etuiet med locket \u00f6ppet \u2013 men utan att nudda framsidan.<\/p>\n<p>V\u00e5r enda riktiga inv\u00e4ndning g\u00e4ller mjukvaran, som i sig \u00e4r en del av designupplevelsen.<\/p>\n<p>Visst, man kan dra ner Kontrollcenter p\u00e5 iPhone och snabbt se AirPods-menyn f\u00f6r att kontrollera lyssningsl\u00e4ge, samtalsmedvetenhet och rumslig ljudprofil. Det g\u00e5r \u00e4ven att g\u00e5 in under AirPods Pro-fliken i Inst\u00e4llningar f\u00f6r att se mer detaljerade funktioner, som H\u00f6rselh\u00e4lsa, samtalskontroller, huvudgester, laddningsljud, automatisk \u00f6ronavk\u00e4nning och s\u00e5 vidare.<\/p>\n<p>Men eftersom m\u00e5nga av de nya funktionerna kr\u00e4ver att vi hoppar mellan olika appar \u2013 \u00d6vers\u00e4tt f\u00f6r spr\u00e5kmoduler, H\u00e4lsa f\u00f6r pulsdata, Fitness f\u00f6r tr\u00e4ningsloggar \u2013 b\u00f6rjar vi tycka att det vore p\u00e5 tiden att Apple sl\u00e4ppte en dedikerad AirPods Pro-app. Det hade samlat allt p\u00e5 ett st\u00e4lle och gjort anv\u00e4ndningen mycket smidigare. Som det \u00e4r nu f\u00e5r man ofta leta sig fram via Apples supportsidor f\u00f6r att f\u00f6rst\u00e5 var man hittar de r\u00e4tta inst\u00e4llningarna.<\/p>\n<p class=\"vanilla-image-block\" style=\"padding-top:56.26%;\">\n<p><img decoding=\"async\" src=\"https:\/\/www.europesays.com\/se\/wp-content\/uploads\/2025\/11\/6UqSjLLawhUV5kup7PubmB.jpg\" alt=\"Apple AirPods Pro 3\"   loading=\"lazy\" data-new-v2-image=\"true\" data-original-mos=\"https:\/\/www.europesays.com\/se\/wp-content\/uploads\/2025\/11\/6UqSjLLawhUV5kup7PubmB.jpg\" data-pin-media=\"https:\/\/www.europesays.com\/se\/wp-content\/uploads\/2025\/11\/6UqSjLLawhUV5kup7PubmB.jpg\"\/>\n<\/p>\n<p>(Image credit: Future)<\/p>\n<p class=\"vanilla-image-block\" style=\"padding-top:56.25%;\">\n<p><img decoding=\"async\" src=\"https:\/\/www.europesays.com\/se\/wp-content\/uploads\/2025\/11\/Vq94zwFmNSoFtPkdhgT6Dg.jpg\" alt=\"Apple AirPods Pro 3\"   loading=\"lazy\" data-new-v2-image=\"true\" data-original-mos=\"https:\/\/www.europesays.com\/se\/wp-content\/uploads\/2025\/11\/Vq94zwFmNSoFtPkdhgT6Dg.jpg\" data-pin-media=\"https:\/\/www.europesays.com\/se\/wp-content\/uploads\/2025\/11\/Vq94zwFmNSoFtPkdhgT6Dg.jpg\"\/>\n<\/p>\n<p>(Image credit: Future)<a id=\"elk-apple-airpods-pro-3-vaerde\" class=\"paywall\" aria-hidden=\"true\" data-url=\"\" href=\"\" target=\"_blank\" referrerpolicy=\"no-referrer-when-downgrade\" data-hl-processed=\"none\"\/>Apple AirPods Pro 3: v\u00e4rde<\/p>\n<ul id=\"5044366c-291f-419c-a3ca-bc1e74494152\">\n<li><strong>De b\u00e4sta brusreducerande h\u00f6rlurarna f\u00f6r iPhone-anv\u00e4ndare<\/strong><\/li>\n<li><strong>Inte det mest originella valet \u2013 men det b\u00e4sta<\/strong><\/li>\n<\/ul>\n<p id=\"efbf570f-0813-47b9-ab99-497e400f2e89\">Popul\u00e4rt betyder inte alltid bra, eller hur? V\u00e4rde \u00e4r dessutom sv\u00e5rt att m\u00e4ta, eftersom det i det h\u00e4r fallet beror p\u00e5 tre saker.<\/p>\n<p>F\u00f6r det f\u00f6rsta: vill du ha den b\u00e4sta aktiva brusreduceringen f\u00f6r din iPhone? D\u00e5 \u00e4r AirPods Pro 3 utan tvekan de b\u00e4sta brusreducerande h\u00f6rlurarna p\u00e5 marknaden. Apple h\u00e4vdar att de \u00e4r dubbelt s\u00e5 effektiva som AirPods Pro 2, och vi kan bekr\u00e4fta att det st\u00e4mmer.<\/p>\n<p>F\u00f6r det andra: v\u00e4rderar du den f\u00f6rb\u00e4ttrade batteritiden j\u00e4mf\u00f6rt med Pro 2 \u2013 \u00e4ven om den fortfarande inte \u00e4r b\u00e4st i klassen? Som j\u00e4mf\u00f6relse kan Technics EAH-AZ100 (som vi kallade \u201dbra snarare \u00e4n fantastisk\u201d n\u00e4r det g\u00e4ller batteri) ge upp till 12 timmars lyssning utan ANC, medan AirPods Pro 3 klarar upp till 10 timmar innan de beh\u00f6ver laddas.<\/p>\n<p>F\u00f6r det tredje: hur mycket v\u00e4rde l\u00e4gger du i att dina h\u00f6rlurar kan m\u00e4ta din puls och anv\u00e4nda den informationen i tr\u00e4ningspass \u2013 till och med med r\u00f6stfeedback via Apple Intelligence och dess virtuella tr\u00e4ningskompisar?<\/p>\n<p>Vi vill ocks\u00e5 till\u00e4gga att AirPods Pro 3 \u00e4r de b\u00e4sta h\u00f6rlurarna Apple gjort f\u00f6r sm\u00e5 \u00f6ron, tack vare den nya formen och vinkeln. Vi blev dessutom riktigt f\u00f6rtjusta i Live\u00f6vers\u00e4ttningen, \u00e4ven om funktionen inte \u00e4r exklusiv f\u00f6r Pro 3.<\/p>\n<p>S\u00e5 vi l\u00e5ter allt det d\u00e4r tala f\u00f6r sig sj\u00e4lv. F\u00f6r oss \u2013 och om vi bortser fr\u00e5n v\u00e5ra mindre inv\u00e4ndningar kring etuiet och mjukvaran \u2013 finns det riktigt starkt v\u00e4rde h\u00e4r.<\/p>\n<p class=\"vanilla-image-block\" style=\"padding-top:56.21%;\">\n<p><img decoding=\"async\" src=\"https:\/\/www.europesays.com\/se\/wp-content\/uploads\/2025\/11\/fazRjbAGPnt3S5VUKwWwwf.jpg\" alt=\"Apple AirPods Pro 3\"   loading=\"lazy\" data-new-v2-image=\"true\" data-original-mos=\"https:\/\/www.europesays.com\/se\/wp-content\/uploads\/2025\/11\/fazRjbAGPnt3S5VUKwWwwf.jpg\" data-pin-media=\"https:\/\/www.europesays.com\/se\/wp-content\/uploads\/2025\/11\/fazRjbAGPnt3S5VUKwWwwf.jpg\"\/>\n<\/p>\n<p>(Image credit: Future)<a id=\"elk-boer-du-koepa-apple-airpods-pro-3\" class=\"paywall\" aria-hidden=\"true\" data-url=\"\" href=\"\" target=\"_blank\" referrerpolicy=\"no-referrer-when-downgrade\" data-hl-processed=\"none\"\/>B\u00f6r du k\u00f6pa Apple AirPods Pro 3?Swipe to scroll horizontallyApple AirPods Pro 3 &#8211; totalpo\u00e4ng<\/p>\n<tr class=\"table__head__row\">\n<p>Kategori<\/p>\n<p>Kommentar<\/p>\n<p>Po\u00e4ng<\/p>\n<\/tr>\n<tr class=\"table__body__row\">\n<td class=\"table_body__data\" colspan=\"1\" style=\"text-align:left\">\n<p>Funktioner<\/p>\n<\/td>\n<td class=\"table_body__data\" colspan=\"1\" style=\"text-align:left\">\n<p>Pulsm\u00e4tning och Live\u00f6vers\u00e4ttning l\u00e4gger till \u00e4nnu fler f\u00f6rdelar f\u00f6r dig med en nyare iPhone.<\/p>\n<\/td>\n<td class=\"table_body__data\" colspan=\"1\" style=\"text-align:left\">\n<p>5\/5<\/p>\n<\/td>\n<\/tr>\n<tr class=\"table__body__row\">\n<td class=\"table_body__data\" colspan=\"1\" style=\"text-align:left\">\n<p>Ljudkvalitet<\/p>\n<\/td>\n<td class=\"table_body__data\" colspan=\"1\" style=\"text-align:left\">\n<p>Energiskt, kraftfullt och omslutande ljud med utm\u00e4rkt brusreducering i toppklass.<\/p>\n<\/td>\n<td class=\"table_body__data\" colspan=\"1\" style=\"text-align:left\">\n<p>4,5\/5<\/p>\n<\/td>\n<\/tr>\n<tr class=\"table__body__row\">\n<td class=\"table_body__data\" colspan=\"1\" style=\"text-align:left\">\n<p>Design<\/p>\n<\/td>\n<td class=\"table_body__data\" colspan=\"1\" style=\"text-align:left\">\n<p>Den omarbetade formen och den nya vinkeln p\u00e5 h\u00f6rlurarnas hals \u00e4r en fulltr\u00e4ff.<\/p>\n<\/td>\n<td class=\"table_body__data\" colspan=\"1\" style=\"text-align:left\">\n<p>4,5\/5<\/p>\n<\/td>\n<\/tr>\n<tr class=\"table__body__row\">\n<td class=\"table_body__data\" colspan=\"1\" style=\"text-align:left\">\n<p>V\u00e4rde<\/p>\n<\/td>\n<td class=\"table_body__data\" colspan=\"1\" style=\"text-align:left\">\n<p>De b\u00e4sta brusreducerande h\u00f6rlurarna f\u00f6r iPhone \u2013 \u00e4ven om batteritiden kunde varit l\u00e4ngre.<\/p>\n<\/td>\n<td class=\"table_body__data\" colspan=\"1\" style=\"text-align:left\">\n<p>4,5\/5<\/p>\n<\/td>\n<\/tr>\n<p><a id=\"elk-540da30b-cf74-47c4-b739-ac25d8f405ab\" class=\"paywall\" aria-hidden=\"true\" data-url=\"\" href=\"\" target=\"_blank\" referrerpolicy=\"no-referrer-when-downgrade\" data-hl-processed=\"none\"\/>K\u00f6p dem om&#8230;<a id=\"elk-15df6429-edfd-4b93-a952-d4a65fc74018\" class=\"paywall\" aria-hidden=\"true\" data-url=\"\" href=\"\" target=\"_blank\" referrerpolicy=\"no-referrer-when-downgrade\" data-hl-processed=\"none\"\/><a id=\"elk-f33da1f0-e739-4eeb-a306-092de92c47bf\" class=\"paywall\" aria-hidden=\"true\" data-url=\"\" href=\"\" target=\"_blank\" referrerpolicy=\"no-referrer-when-downgrade\" data-hl-processed=\"none\"\/><a id=\"elk-2c969614-223a-42c6-bcce-2edfb5d9355b\" class=\"paywall\" aria-hidden=\"true\" data-url=\"\" href=\"\" target=\"_blank\" referrerpolicy=\"no-referrer-when-downgrade\" data-hl-processed=\"none\"\/><a id=\"elk-eaa7cd0f-8762-451c-a5ca-9a03fcbead6f\" class=\"paywall\" aria-hidden=\"true\" data-url=\"\" href=\"\" target=\"_blank\" referrerpolicy=\"no-referrer-when-downgrade\" data-hl-processed=\"none\"\/>K\u00f6p dem inte om&#8230;<a id=\"elk-31e2fc78-29e2-482f-b262-913ee43b6fb4\" class=\"paywall\" aria-hidden=\"true\" data-url=\"\" href=\"\" target=\"_blank\" referrerpolicy=\"no-referrer-when-downgrade\" data-hl-processed=\"none\"\/><a id=\"elk-b1fba98d-d19b-4644-bcfa-c788bef8ef22\" class=\"paywall\" aria-hidden=\"true\" data-url=\"\" href=\"\" target=\"_blank\" referrerpolicy=\"no-referrer-when-downgrade\" data-hl-processed=\"none\"\/><a id=\"elk-c89a4044-20b1-47fe-a5ef-4e38d09e9c4c\" class=\"paywall\" aria-hidden=\"true\" data-url=\"\" href=\"\" target=\"_blank\" referrerpolicy=\"no-referrer-when-downgrade\" data-hl-processed=\"none\"\/><a id=\"elk-apple-airpods-pro-3-andra-alternativ\" class=\"paywall\" aria-hidden=\"true\" data-url=\"\" href=\"\" target=\"_blank\" referrerpolicy=\"no-referrer-when-downgrade\" data-hl-processed=\"none\"\/>Apple AirPods Pro 3: andra alternativ<a id=\"elk-66db8b79-2cfe-45ff-bace-e522a5e35f11\" class=\"paywall\" aria-hidden=\"true\" data-url=\"\" href=\"\" target=\"_blank\" referrerpolicy=\"no-referrer-when-downgrade\" data-hl-processed=\"none\"\/><a id=\"elk-3fa3cf29-0a23-4f73-bfc0-81f5e0d855d7\" class=\"paywall\" aria-hidden=\"true\" data-url=\"\" href=\"\" target=\"_blank\" referrerpolicy=\"no-referrer-when-downgrade\" data-hl-processed=\"none\"\/><a id=\"elk-a388e855-769d-4d72-9a99-0fdc32b55441\" class=\"paywall\" aria-hidden=\"true\" data-url=\"\" href=\"\" target=\"_blank\" referrerpolicy=\"no-referrer-when-downgrade\" data-hl-processed=\"none\"\/><a id=\"elk-saa-testade-vi-apple-airpods-pro-3\" class=\"paywall\" aria-hidden=\"true\" data-url=\"\" href=\"\" target=\"_blank\" referrerpolicy=\"no-referrer-when-downgrade\" data-hl-processed=\"none\"\/>S\u00e5 testade vi Apple AirPods Pro 3<\/p>\n<ul id=\"4cb56231-cfdc-4fa1-8fb7-a9350f218068\">\n<li><strong>Testperiod: Tre veckor<\/strong><\/li>\n<li><strong>Testmilj\u00f6: Promenader l\u00e4ngs stranden, p\u00e5 ett fullsatt t\u00e5g och hemma<\/strong><\/li>\n<\/ul>\n<p id=\"0a07a0b0-777e-42c0-88cf-c67cb48cf9c7\">Fr\u00e5n den ursprungliga skribenten;<\/p>\n<p>Jag anv\u00e4nde AirPods Pro 3 under tre veckor n\u00e4r jag skrev den h\u00e4r recensionen, och testningen bestod av att lyssna p\u00e5 poddar och musik samt att se str\u00f6mmade filmer fr\u00e5n olika enheter och plattformar \u2013 b\u00e5de Android och Apple.<\/p>\n<p>Jag lyssnade hemma, under flera strandpromenader och p\u00e5 ett livligt t\u00e5g till Paris \u2013 och jag kan s\u00e4ga att med dessa som b\u00e5de musikkompanjon och \u00f6vers\u00e4ttningsverktyg i realtid, blev resan avsev\u00e4rt trevligare.<\/p>\n<p>Jag har testat ljudprodukter p\u00e5 heltid sedan 2019, f\u00f6rst p\u00e5 systersajten What Hi-Fi? som skribent, sedan som senior writer p\u00e5 TechRadar \u2013 och sedan b\u00f6rjan av 2024 som ljudredakt\u00f6r.<\/p>\n<p>Min bakgrund som professionell dansare gjorde mig s\u00e4rskilt nyfiken p\u00e5 hur AirPods Pro 3 hanterade pulsm\u00e4tning och tr\u00e4ningsdata, och min st\u00e4ndiga lust att r\u00f6ra mig till musik \u00e4r ocks\u00e5 det som driver mig att leta efter perfekt tajming, precision, klarhet och ren ljudgl\u00e4dje i allt jag testar.<\/p>\n<ul id=\"3b11070b-f6a7-4c7d-bb91-01f3a01914c0\">\n<li>F\u00f6rst testade i oktober 2025.<\/li>\n<\/ul>\n<p><a id=\"elk-bot-widget\" class=\"paywall\" aria-hidden=\"true\" data-url=\"\" href=\"\" target=\"_blank\" referrerpolicy=\"no-referrer-when-downgrade\" data-hl-processed=\"none\"\/><\/p>\n<p>Apple AirPods Pro 3: Prisj\u00e4mf\u00f6relse<\/p>\n","protected":false},"excerpt":{"rendered":"Varf\u00f6r du kan lita p\u00e5 TechRadar V\u00e5ra expertgranskare spenderar timmar p\u00e5 att testa och j\u00e4mf\u00f6ra produkter och tj\u00e4nster&hellip;\n","protected":false},"author":2,"featured_media":91904,"comment_status":"","ping_status":"","sticky":false,"template":"","format":"standard","meta":{"footnotes":""},"categories":[66],"tags":[80,78,79,34,31,33,32,30,81,84,83,82],"class_list":{"0":"post-91903","1":"post","2":"type-post","3":"status-publish","4":"format-standard","5":"has-post-thumbnail","7":"category-vetenskap-och-teknik","8":"tag-science","9":"tag-science-and-technology","10":"tag-scienceandtechnology","11":"tag-se","12":"tag-svenska","13":"tag-sverige","14":"tag-sweden","15":"tag-swedish","16":"tag-technology","17":"tag-teknik","18":"tag-vetenskap","19":"tag-vetenskapteknik"},"share_on_mastodon":{"url":"https:\/\/pubeurope.com\/@se\/115626451066417762","error":""},"_links":{"self":[{"href":"https:\/\/www.europesays.com\/se\/wp-json\/wp\/v2\/posts\/91903","targetHints":{"allow":["GET"]}}],"collection":[{"href":"https:\/\/www.europesays.com\/se\/wp-json\/wp\/v2\/posts"}],"about":[{"href":"https:\/\/www.europesays.com\/se\/wp-json\/wp\/v2\/types\/post"}],"author":[{"embeddable":true,"href":"https:\/\/www.europesays.com\/se\/wp-json\/wp\/v2\/users\/2"}],"replies":[{"embeddable":true,"href":"https:\/\/www.europesays.com\/se\/wp-json\/wp\/v2\/comments?post=91903"}],"version-history":[{"count":0,"href":"https:\/\/www.europesays.com\/se\/wp-json\/wp\/v2\/posts\/91903\/revisions"}],"wp:featuredmedia":[{"embeddable":true,"href":"https:\/\/www.europesays.com\/se\/wp-json\/wp\/v2\/media\/91904"}],"wp:attachment":[{"href":"https:\/\/www.europesays.com\/se\/wp-json\/wp\/v2\/media?parent=91903"}],"wp:term":[{"taxonomy":"category","embeddable":true,"href":"https:\/\/www.europesays.com\/se\/wp-json\/wp\/v2\/categories?post=91903"},{"taxonomy":"post_tag","embeddable":true,"href":"https:\/\/www.europesays.com\/se\/wp-json\/wp\/v2\/tags?post=91903"}],"curies":[{"name":"wp","href":"https:\/\/api.w.org\/{rel}","templated":true}]}}