{"id":91905,"date":"2025-11-28T08:47:13","date_gmt":"2025-11-28T08:47:13","guid":{"rendered":"https:\/\/www.europesays.com\/se\/91905\/"},"modified":"2025-11-28T08:47:13","modified_gmt":"2025-11-28T08:47:13","slug":"man-atalas-for-grova-valdtakter-i-hemtjansten","status":"publish","type":"post","link":"https:\/\/www.europesays.com\/se\/91905\/","title":{"rendered":"Man \u00e5talas f\u00f6r grova v\u00e5ldt\u00e4kter i hemtj\u00e4nsten"},"content":{"rendered":"<p>Publicerad 27 nov 2025 kl 21.27Uppdaterad 28 nov kl 00.36<\/p>\n<p>En hemtj\u00e4nstanst\u00e4lld har \u00e5talats f\u00f6r att ha v\u00e5ldtagit tv\u00e5 kvinnor.<\/p>\n<p>\u00c5klagaren anser att v\u00e5ldt\u00e4kterna \u00e4r grova d\u00e5 mannen visat s\u00e4rskild h\u00e4nsynsl\u00f6shet mot de skyddsl\u00f6sa \u00e4ldre kvinnorna.\u00a0<\/p>\n<p><img   alt=\"\"\/><\/p>\n<p>Genrebild.<\/p>\n<p>Foto: Shutterstock<\/p>\n<p>\u00d6ppna bild i helsk\u00e4rm<\/p>\n<p>B\u00e5da v\u00e5ldt\u00e4kterna ska ha beg\u00e5tts i <a href=\"https:\/\/www.expressen.se\/tagg\/location\/stockholm\/\" class=\"\" rel=\"nofollow noopener\" target=\"_blank\">Stockholm<\/a> tidigare i h\u00f6stas. I det ena fallet misst\u00e4nks mannen ha anv\u00e4nt sina fingrar eller f\u00f6rem\u00e5l. I det andra fallet misst\u00e4nks han ha anv\u00e4nt ett ok\u00e4nt f\u00f6rem\u00e5l.<\/p>\n<p>\u00c5klagaren anser att mannen visat s\u00e4rskild h\u00e4nsynsl\u00f6shet och att v\u00e5ldt\u00e4kterna ska rubriceras som grova. Sk\u00e4len \u00e4r att han utnyttjade sin st\u00e4llning vid hemtj\u00e4nsten f\u00f6r att ta sig in i kvinnornas hem och utnyttjade deras of\u00f6rm\u00e5ga att ta hand om sig sj\u00e4lva, trots att han hade till uppgift att v\u00e5rda dem.<\/p>\n<p>Straffet f\u00f6r grov v\u00e5ldt\u00e4kt \u00e4r f\u00e4ngelse i fem till tio \u00e5r.\u00a0<\/p>\n<p>Mannen f\u00f6rnekar brott.<\/p>\n<p>\u00c5klagaren vill se livstids utvisning<\/p>\n<p>I den muntliga bevisningen ing\u00e5r bland f\u00f6rh\u00f6r med kvinnorna sj\u00e4lva och med deras vuxna d\u00f6ttrar och med andra hemtj\u00e4nstanst\u00e4llda om vad kvinnorna ber\u00e4ttat f\u00f6r dem i anslutning till h\u00e4ndelserna. I den skriftliga bevisningen ing\u00e5r mannens schema och nyckelloggar visar att han var hos dem n\u00e4r v\u00e5ldt\u00e4kterna ska ha skett.\u00a0<\/p>\n<p>Mannen har avskedats av sin arbetsgivare Stockholms stad.\u00a0<\/p>\n<p>Han \u00e4r medborgare i Irak, och \u00e5klagaren beg\u00e4r att han utvisas ur Sverige p\u00e5 livstid.<\/p>\n<p>Tidigare i \u00e5r d\u00f6mdes han till b\u00f6ter f\u00f6r rattfylleri och ringa narkotikabrott.<\/p>\n<p>\u00c5r 2021 d\u00f6mdes han f\u00f6r att ha utgett sig f\u00f6r att f\u00f6retr\u00e4da polisen och visat upp en f\u00f6rfalskad ordningsvaktslegitimation n\u00e4r han stoppade en bilist och kontrollerade dennes k\u00f6rkort. Straffet blev villkorlig dom och dagsb\u00f6ter.\u00a0<\/p>\n<p><strong>L\u00c4S MER: <\/strong><a href=\"https:\/\/www.expressen.se\/nyheter\/sverige\/doms-for-valdtakter-mot-aldre-atta-ars-fangelse\/\" class=\"\" rel=\"nofollow noopener\" target=\"_blank\">D\u00f6ms f\u00f6r v\u00e5ldt\u00e4kter mot \u00e4ldre \u2013 \u00e5tta \u00e5rs f\u00e4ngelse<\/a><strong>L\u00c4S MER: <\/strong><a href=\"https:\/\/www.expressen.se\/nyheter\/sverige\/mannen-som-valdtar-i-aldrevarden\/\" class=\"\" rel=\"nofollow noopener\" target=\"_blank\">M\u00e4nnen som v\u00e5ldtar i \u00e4ldrev\u00e5rden<\/a><strong>L\u00c4S MER: <\/strong><a href=\"https:\/\/www.expressen.se\/nyheter\/sverige\/ex-politiker-tog-jobb-i-hemtjansten-valdtog-dement-kvinna\/\" class=\"\" rel=\"nofollow noopener\" target=\"_blank\">Ex-politiker tog jobb i hemtj\u00e4nsten  \u2013 v\u00e5ldtog dement kvinna<\/a><\/p>\n","protected":false},"excerpt":{"rendered":"Publicerad 27 nov 2025 kl 21.27Uppdaterad 28 nov kl 00.36 En hemtj\u00e4nstanst\u00e4lld har \u00e5talats f\u00f6r att ha v\u00e5ldtagit&hellip;\n","protected":false},"author":2,"featured_media":91906,"comment_status":"","ping_status":"","sticky":false,"template":"","format":"standard","meta":{"footnotes":""},"categories":[14],"tags":[22,23,26,27,17,21,24,25,135,28,29,15,16,18,34,154,31,33,32,30,19,1242,20,51,52,53,54],"class_list":{"0":"post-91905","1":"post","2":"type-post","3":"status-publish","4":"format-standard","5":"has-post-thumbnail","7":"category-varlden","8":"tag-breaking-news","9":"tag-breakingnews","10":"tag-featured-news","11":"tag-featurednews","12":"tag-headlines","13":"tag-huvudnyheter","14":"tag-latest-news","15":"tag-latestnews","16":"tag-location-stockholm","17":"tag-main-news","18":"tag-mainnews","19":"tag-news","20":"tag-nyheter","21":"tag-rubriker","22":"tag-se","23":"tag-sections-sverige","24":"tag-svenska","25":"tag-sverige","26":"tag-sweden","27":"tag-swedish","28":"tag-top-stories","29":"tag-topic-sexualbrott","30":"tag-topstories","31":"tag-varlden","32":"tag-world","33":"tag-world-news","34":"tag-worldnews"},"share_on_mastodon":{"url":"https:\/\/pubeurope.com\/@se\/115626458772602684","error":""},"_links":{"self":[{"href":"https:\/\/www.europesays.com\/se\/wp-json\/wp\/v2\/posts\/91905","targetHints":{"allow":["GET"]}}],"collection":[{"href":"https:\/\/www.europesays.com\/se\/wp-json\/wp\/v2\/posts"}],"about":[{"href":"https:\/\/www.europesays.com\/se\/wp-json\/wp\/v2\/types\/post"}],"author":[{"embeddable":true,"href":"https:\/\/www.europesays.com\/se\/wp-json\/wp\/v2\/users\/2"}],"replies":[{"embeddable":true,"href":"https:\/\/www.europesays.com\/se\/wp-json\/wp\/v2\/comments?post=91905"}],"version-history":[{"count":0,"href":"https:\/\/www.europesays.com\/se\/wp-json\/wp\/v2\/posts\/91905\/revisions"}],"wp:featuredmedia":[{"embeddable":true,"href":"https:\/\/www.europesays.com\/se\/wp-json\/wp\/v2\/media\/91906"}],"wp:attachment":[{"href":"https:\/\/www.europesays.com\/se\/wp-json\/wp\/v2\/media?parent=91905"}],"wp:term":[{"taxonomy":"category","embeddable":true,"href":"https:\/\/www.europesays.com\/se\/wp-json\/wp\/v2\/categories?post=91905"},{"taxonomy":"post_tag","embeddable":true,"href":"https:\/\/www.europesays.com\/se\/wp-json\/wp\/v2\/tags?post=91905"}],"curies":[{"name":"wp","href":"https:\/\/api.w.org\/{rel}","templated":true}]}}