{"id":91913,"date":"2025-11-28T08:53:16","date_gmt":"2025-11-28T08:53:16","guid":{"rendered":"https:\/\/www.europesays.com\/se\/91913\/"},"modified":"2025-11-28T08:53:16","modified_gmt":"2025-11-28T08:53:16","slug":"siffror-fran-dell-avslojar-klent-intresse-for-windows-11","status":"publish","type":"post","link":"https:\/\/www.europesays.com\/se\/91913\/","title":{"rendered":"Siffror fr\u00e5n Dell avsl\u00f6jar klent intresse f\u00f6r Windows 11"},"content":{"rendered":"<p>I samband med den senaste kvartalsrapporten fr\u00e5n Dell delade den operative chefen Jeffrey Clarke med sig av n\u00e5gra intressanta uppgifter.<\/p>\n<p>Till exempel fick vi veta att det finns drygt 1,5 miljarder aktiva Windows-datorer, varav en tredjedel k\u00f6r Windows 11.<\/p>\n<p>Till det kommer en tredjedel som k\u00f6r Windows 10 trots att de \u00e4r kompatibla med Windows 11 och en tredjedel som helt enkelt \u00e4r f\u00f6r gamla f\u00f6r att uppgraderas.<\/p>\n<p>Med andra ord borde det finnas goda m\u00f6jligheter att s\u00e4lja nya datorer om det inte vore som s\u00e5 att intresset f\u00f6r Windows 11 fortfarande \u00e4r klent hos den breda massan.<\/p>\n<p>Enligt Jeffrey Clarke \u00e4r n\u00e4mligen andelen f\u00f6r Windows 11 mellan 10 och 12 procent l\u00e4gre \u00e4n f\u00f6r tidigare versioner av Windows vid motsvarande tidpunkt i utvecklingen.<\/p>\n<p>Dells f\u00f6rhoppning \u00e4r emellertid att satsningen p\u00e5 AI-funktioner ska f\u00e5 f\u00f6rs\u00e4ljningen av nya Windows-datorer att \u00f6ka under de kommande \u00e5ren, rapporterar <a href=\"https:\/\/idg.digidip.net\/visit?url=https:\/\/www.windowslatest.com\/2025\/11\/27\/dell-confirms-2025-is-not-the-year-of-windows-11-as-users-just-dont-want-to-dump-windows-10\/&amp;currurl=https:\/\/www.pcforalla.se\/article\/2989884\/siffror-fran-dell-avslojar-klent-intresse-for-windows-11.html&amp;ref=8-1-2989884-1-0-0-0-0\" data-type=\"link\" data-id=\"https:\/\/www.windowslatest.com\/2025\/11\/27\/dell-confirms-2025-is-not-the-year-of-windows-11-as-users-just-dont-want-to-dump-windows-10\/\" rel=\"nofollow noopener\" data-subtag=\"8-1-2989884-1-0-0-0-0\" data-domain-name=\"windowslatest\" target=\"_blank\">Windows Latest<\/a>.<\/p>\n","protected":false},"excerpt":{"rendered":"I samband med den senaste kvartalsrapporten fr\u00e5n Dell delade den operative chefen Jeffrey Clarke med sig av n\u00e5gra&hellip;\n","protected":false},"author":2,"featured_media":91914,"comment_status":"","ping_status":"","sticky":false,"template":"","format":"standard","meta":{"footnotes":""},"categories":[66],"tags":[80,78,79,34,31,33,32,30,81,84,83,82],"class_list":{"0":"post-91913","1":"post","2":"type-post","3":"status-publish","4":"format-standard","5":"has-post-thumbnail","7":"category-vetenskap-och-teknik","8":"tag-science","9":"tag-science-and-technology","10":"tag-scienceandtechnology","11":"tag-se","12":"tag-svenska","13":"tag-sverige","14":"tag-sweden","15":"tag-swedish","16":"tag-technology","17":"tag-teknik","18":"tag-vetenskap","19":"tag-vetenskapteknik"},"share_on_mastodon":{"url":"https:\/\/pubeurope.com\/@se\/115626482295500355","error":""},"_links":{"self":[{"href":"https:\/\/www.europesays.com\/se\/wp-json\/wp\/v2\/posts\/91913","targetHints":{"allow":["GET"]}}],"collection":[{"href":"https:\/\/www.europesays.com\/se\/wp-json\/wp\/v2\/posts"}],"about":[{"href":"https:\/\/www.europesays.com\/se\/wp-json\/wp\/v2\/types\/post"}],"author":[{"embeddable":true,"href":"https:\/\/www.europesays.com\/se\/wp-json\/wp\/v2\/users\/2"}],"replies":[{"embeddable":true,"href":"https:\/\/www.europesays.com\/se\/wp-json\/wp\/v2\/comments?post=91913"}],"version-history":[{"count":0,"href":"https:\/\/www.europesays.com\/se\/wp-json\/wp\/v2\/posts\/91913\/revisions"}],"wp:featuredmedia":[{"embeddable":true,"href":"https:\/\/www.europesays.com\/se\/wp-json\/wp\/v2\/media\/91914"}],"wp:attachment":[{"href":"https:\/\/www.europesays.com\/se\/wp-json\/wp\/v2\/media?parent=91913"}],"wp:term":[{"taxonomy":"category","embeddable":true,"href":"https:\/\/www.europesays.com\/se\/wp-json\/wp\/v2\/categories?post=91913"},{"taxonomy":"post_tag","embeddable":true,"href":"https:\/\/www.europesays.com\/se\/wp-json\/wp\/v2\/tags?post=91913"}],"curies":[{"name":"wp","href":"https:\/\/api.w.org\/{rel}","templated":true}]}}