{"id":91915,"date":"2025-11-28T08:55:17","date_gmt":"2025-11-28T08:55:17","guid":{"rendered":"https:\/\/www.europesays.com\/se\/91915\/"},"modified":"2025-11-28T08:55:17","modified_gmt":"2025-11-28T08:55:17","slug":"israeliska-bosattare-tog-sig-in-i-syrien-greps-av-militar","status":"publish","type":"post","link":"https:\/\/www.europesays.com\/se\/91915\/","title":{"rendered":"Israeliska bos\u00e4ttare tog sig in i Syrien \u2013\u00a0greps av milit\u00e4r"},"content":{"rendered":"<p>Totalt r\u00f6r det sig om 13 aktivister som tidigare p\u00e5 torsdagen korsade gr\u00e4nsen p\u00e5 tv\u00e5 olika platser, enligt <a href=\"https:\/\/www.timesofisrael.com\/liveblog_entry\/idf-brings-back-settler-activists-who-crossed-into-syria-says-some-clashed-with-troops\/\" rel=\"nofollow noopener\" target=\"_blank\">Times of Israel<\/a>. Med hj\u00e4lp av en motors\u00e5g ska de ha tagit sig igenom st\u00e4ngslet som skiljer l\u00e4nderna.<\/p>\n<p>Enligt <a href=\"https:\/\/www.haaretz.com\/israel-news\/2025-11-27\/ty-article-live\/u-s-senators-urge-trump-to-investigate-idf-violations-of-u-s-human-rights-law\/0000019a-c314-dcd7-a3be-db3d02d70000\" rel=\"nofollow noopener\" target=\"_blank\">Haaretz<\/a> r\u00f6r det sig om h\u00f6gerextrema aktivister som ville etablera en israelisk postering inne i Syrien. Kort efter intr\u00e5nget kunde de lokaliseras av israeliska s\u00e4kerhetsstyrkor. Efter en biljakt omh\u00e4ndertogs aktivisterna, skriver tidningen.<\/p>\n<p><strong>Israels f\u00f6rsvarsmakt,<\/strong> IDF, bekr\u00e4ftar att det uppstod en konfrontation mellan flera aktivister och milit\u00e4ren.<\/p>\n<p>\u201dIDF f\u00f6rd\u00f6mer h\u00e4ndelsen och betonar att det utg\u00f6r ett brott som uts\u00e4tter b\u00e5de civila och soldater f\u00f6r fara\u201d, skriver milit\u00e4ren, enligt Times of Israel.<\/p>\n<p>Aktivisterna har \u00f6verl\u00e4mnats till israelisk polis f\u00f6r f\u00f6rh\u00f6r.<\/p>\n<p><strong>Israel ut\u00f6kade sin milit\u00e4ra<\/strong> n\u00e4rvaro i s\u00f6dra Syrien i samband med att diktator Bashar al-Assad st\u00f6rtades f\u00f6rra \u00e5ret. F\u00f6rsvarsmakten har ocks\u00e5 genomf\u00f6rt en l\u00e5ng rad attacker mot milit\u00e4ra m\u00e5l i landet.<\/p>\n<p>Samtidigt p\u00e5g\u00e5r USA-ledda samtal mellan l\u00e4nderna om att f\u00e5 till st\u00e5nd en s\u00e4kerhetsuppg\u00f6relse. Syriens f\u00f6rhoppning \u00e4r att genom \u00f6verenskommelsen f\u00e5 tillbaka kontroll \u00f6ver omr\u00e5den i landets s\u00f6dra delar.<\/p>\n<p><strong>Regeringen i Damaskus<\/strong> kritiserade tidigare i november Israels premi\u00e4rminister Benjamin Netanyahu n\u00e4r han bes\u00f6kte f\u00f6rband som \u00e4r stationerade p\u00e5 syrisk mark.<\/p>\n<p>Netanyahu sade d\u00e5 att Israel aldrig kommer dra sig tillbaka fr\u00e5n omr\u00e5dena. Han f\u00f6rsvarar n\u00e4rvaron med att Israel beh\u00f6ver f\u00f6rsvara den drusiska minoriteten i Syrien.<\/p>\n","protected":false},"excerpt":{"rendered":"Totalt r\u00f6r det sig om 13 aktivister som tidigare p\u00e5 torsdagen korsade gr\u00e4nsen p\u00e5 tv\u00e5 olika platser, enligt&hellip;\n","protected":false},"author":2,"featured_media":91916,"comment_status":"","ping_status":"","sticky":false,"template":"","format":"standard","meta":{"footnotes":""},"categories":[14],"tags":[22,23,26,27,17,21,24,25,28,29,15,16,18,34,31,33,32,30,19,20,51,52,53,54],"class_list":{"0":"post-91915","1":"post","2":"type-post","3":"status-publish","4":"format-standard","5":"has-post-thumbnail","7":"category-varlden","8":"tag-breaking-news","9":"tag-breakingnews","10":"tag-featured-news","11":"tag-featurednews","12":"tag-headlines","13":"tag-huvudnyheter","14":"tag-latest-news","15":"tag-latestnews","16":"tag-main-news","17":"tag-mainnews","18":"tag-news","19":"tag-nyheter","20":"tag-rubriker","21":"tag-se","22":"tag-svenska","23":"tag-sverige","24":"tag-sweden","25":"tag-swedish","26":"tag-top-stories","27":"tag-topstories","28":"tag-varlden","29":"tag-world","30":"tag-world-news","31":"tag-worldnews"},"share_on_mastodon":{"url":"https:\/\/pubeurope.com\/@se\/115626490260579796","error":""},"_links":{"self":[{"href":"https:\/\/www.europesays.com\/se\/wp-json\/wp\/v2\/posts\/91915","targetHints":{"allow":["GET"]}}],"collection":[{"href":"https:\/\/www.europesays.com\/se\/wp-json\/wp\/v2\/posts"}],"about":[{"href":"https:\/\/www.europesays.com\/se\/wp-json\/wp\/v2\/types\/post"}],"author":[{"embeddable":true,"href":"https:\/\/www.europesays.com\/se\/wp-json\/wp\/v2\/users\/2"}],"replies":[{"embeddable":true,"href":"https:\/\/www.europesays.com\/se\/wp-json\/wp\/v2\/comments?post=91915"}],"version-history":[{"count":0,"href":"https:\/\/www.europesays.com\/se\/wp-json\/wp\/v2\/posts\/91915\/revisions"}],"wp:featuredmedia":[{"embeddable":true,"href":"https:\/\/www.europesays.com\/se\/wp-json\/wp\/v2\/media\/91916"}],"wp:attachment":[{"href":"https:\/\/www.europesays.com\/se\/wp-json\/wp\/v2\/media?parent=91915"}],"wp:term":[{"taxonomy":"category","embeddable":true,"href":"https:\/\/www.europesays.com\/se\/wp-json\/wp\/v2\/categories?post=91915"},{"taxonomy":"post_tag","embeddable":true,"href":"https:\/\/www.europesays.com\/se\/wp-json\/wp\/v2\/tags?post=91915"}],"curies":[{"name":"wp","href":"https:\/\/api.w.org\/{rel}","templated":true}]}}