{"id":91917,"date":"2025-11-28T08:56:09","date_gmt":"2025-11-28T08:56:09","guid":{"rendered":"https:\/\/www.europesays.com\/se\/91917\/"},"modified":"2025-11-28T08:56:09","modified_gmt":"2025-11-28T08:56:09","slug":"dodlig-hajattack-kan-ha-fangats-pa-film","status":"publish","type":"post","link":"https:\/\/www.europesays.com\/se\/91917\/","title":{"rendered":"D\u00f6dlig hajattack kan ha f\u00e5ngats p\u00e5 film"},"content":{"rendered":"<p>Det schweiziska turistpar som attackerades av en tjurhaj i Australien p\u00e5 torsdagen kan ha filmat h\u00e4ndelsen, rapporterar australiska Nine News. Enligt tv-kanalen filmade de delfiner med sin go pro-kamera n\u00e4r attacken \u00e4gde rum. Myndigheter ska nu g\u00e5 igenom filmmaterialet.<\/p>\n<p>En 25-\u00e5rig kvinna d\u00f6dades i attacken. Tillst\u00e5ndet f\u00f6r hennes pojkv\u00e4n uppges vara allvarligt men stabilt.<\/p>\n<p>Omni \u00e4r politiskt obundna och oberoende. Vi str\u00e4var efter att ge fler perspektiv p\u00e5 nyheterna. Har du fr\u00e5gor eller synpunkter kring v\u00e5r rapportering? <a href=\"https:\/\/omni.se\/dodlig-hajattack-kan-ha-fangats-pa-film\/a\/mailto:redaktion@omni.se\" class=\"ArticleActions_contactLink__W2F1M\" rel=\"nofollow noopener\" target=\"_blank\">Kontakta redaktionen<\/a><\/p>\n","protected":false},"excerpt":{"rendered":"Det schweiziska turistpar som attackerades av en tjurhaj i Australien p\u00e5 torsdagen kan ha filmat h\u00e4ndelsen, rapporterar australiska&hellip;\n","protected":false},"author":2,"featured_media":91918,"comment_status":"","ping_status":"","sticky":false,"template":"","format":"standard","meta":{"footnotes":""},"categories":[12],"tags":[450,22,23,415,26,27,17,21,24,25,28,29,15,16,18,34,31,33,32,30,19,20],"class_list":{"0":"post-91917","1":"post","2":"type-post","3":"status-publish","4":"format-standard","5":"has-post-thumbnail","7":"category-sverige","8":"tag-australien","9":"tag-breaking-news","10":"tag-breakingnews","11":"tag-djur-natur","12":"tag-featured-news","13":"tag-featurednews","14":"tag-headlines","15":"tag-huvudnyheter","16":"tag-latest-news","17":"tag-latestnews","18":"tag-main-news","19":"tag-mainnews","20":"tag-news","21":"tag-nyheter","22":"tag-rubriker","23":"tag-se","24":"tag-svenska","25":"tag-sverige","26":"tag-sweden","27":"tag-swedish","28":"tag-top-stories","29":"tag-topstories"},"share_on_mastodon":{"url":"https:\/\/pubeurope.com\/@se\/115626494257020860","error":""},"_links":{"self":[{"href":"https:\/\/www.europesays.com\/se\/wp-json\/wp\/v2\/posts\/91917","targetHints":{"allow":["GET"]}}],"collection":[{"href":"https:\/\/www.europesays.com\/se\/wp-json\/wp\/v2\/posts"}],"about":[{"href":"https:\/\/www.europesays.com\/se\/wp-json\/wp\/v2\/types\/post"}],"author":[{"embeddable":true,"href":"https:\/\/www.europesays.com\/se\/wp-json\/wp\/v2\/users\/2"}],"replies":[{"embeddable":true,"href":"https:\/\/www.europesays.com\/se\/wp-json\/wp\/v2\/comments?post=91917"}],"version-history":[{"count":0,"href":"https:\/\/www.europesays.com\/se\/wp-json\/wp\/v2\/posts\/91917\/revisions"}],"wp:featuredmedia":[{"embeddable":true,"href":"https:\/\/www.europesays.com\/se\/wp-json\/wp\/v2\/media\/91918"}],"wp:attachment":[{"href":"https:\/\/www.europesays.com\/se\/wp-json\/wp\/v2\/media?parent=91917"}],"wp:term":[{"taxonomy":"category","embeddable":true,"href":"https:\/\/www.europesays.com\/se\/wp-json\/wp\/v2\/categories?post=91917"},{"taxonomy":"post_tag","embeddable":true,"href":"https:\/\/www.europesays.com\/se\/wp-json\/wp\/v2\/tags?post=91917"}],"curies":[{"name":"wp","href":"https:\/\/api.w.org\/{rel}","templated":true}]}}