{"id":91959,"date":"2025-11-28T09:52:09","date_gmt":"2025-11-28T09:52:09","guid":{"rendered":"https:\/\/www.europesays.com\/se\/91959\/"},"modified":"2025-11-28T09:52:09","modified_gmt":"2025-11-28T09:52:09","slug":"paula-bieler-eriksson-gor-comeback-sd-toppen-gar-till-kd","status":"publish","type":"post","link":"https:\/\/www.europesays.com\/se\/91959\/","title":{"rendered":"Paula Bieler Eriksson g\u00f6r comeback \u2013 SD-toppen g\u00e5r till KD"},"content":{"rendered":"<p><a class=\"wing-tag\" href=\"https:\/\/www.expressen.se\/om\/val-2026\/\" rel=\"nofollow noopener\" target=\"_blank\">Val 2026<\/a><\/p>\n<p>Publicerad 28 nov 2025 kl 10.27Uppdaterad kl 10.51<\/p>\n<p>Paula Bieler Eriksson, 37, g\u00f6r comeback i politiken \u2013 men nu som kristdemokrat.<\/p>\n<p>Hon var tidigare en av SD:s mest k\u00e4nda kvinnliga f\u00f6retr\u00e4dare.<\/p>\n<p>\u2013\u00a0Jag har hittat hem i KD, s\u00e4ger hon.<\/p>\n<p><img   alt=\"\"\/><\/p>\n<p>Paula Bieler Eriksson s\u00e4ger att hon har \u201dhittat hem\u201d i KD.<\/p>\n<p>Foto: OSCAR OLSSON<\/p>\n<p>\u00d6ppna bild i helsk\u00e4rmArtikeln i korthet<\/p>\n<p> Paula Bieler Eriksson var en av SD:s st\u00f6rsta kvinnliga profiler innan hon l\u00e4mnade partiet 2020.<\/p>\n<p> Nu g\u00f6r hon comeback och vill in i regionpolitiken i Uppsala f\u00f6r Kristdemokraterna.<\/p>\n<p>\u00a0\u201dKD har den starkaste r\u00f6sten f\u00f6r att sunda v\u00e4rderingar ska genomsyra ett gott samh\u00e4lle\u201d, s\u00e4ger hon.<\/p>\n<p>Visa mer<\/p>\n<p>I februari 2020 <a href=\"https:\/\/www.expressen.se\/nyheter\/sd-toppen-paula-bieler-lamnar-riksdagen\/\" rel=\"nofollow noopener\" target=\"_blank\">l\u00e4mnade Paula Bieler Eriksson riksdagen<\/a>, d\u00e4r hon suttit som ledamot sedan 2014. Dagen efter gifte hon sig, och lade senare till efternamnet Eriksson.\u00a0<\/p>\n<p>Vigde henne och maken gjorde KD-politikern Hans Eklind, som ocks\u00e5 var den som h\u00f6ll i ceremonin n\u00e4r Jimmie \u00c5kesson gifte sig f\u00f6rra \u00e5ret.<\/p>\n<p>Hon l\u00e4mnade ocks\u00e5 partipolitiken och medlemskapet i Sverigedemokraterna.<\/p>\n<p>Avhoppet blev omskrivet, dels f\u00f6r att det skedde efter att hon nekats ledighet f\u00f6r en planerad smekm\u00e5nad, men ocks\u00e5 f\u00f6r att hon fram till dess varit en av SD:s mest framtr\u00e4dande kvinnliga profiler.\u00a0<\/p>\n<p>Innan dess, 2019, hade det ocks\u00e5 uppm\u00e4rksammats att Bieler Eriksson motsatt sig SD:s beslut att st\u00e4lla sig bakom svensk abortlagstiftning, och d\u00e4rmed slopa det tidigare kravet p\u00e5 fri abort fram till tolfte veckan i st\u00e4llet f\u00f6r 18:e veckan.<\/p>\n<p>\u2013\u00a0Jag tycker att den ordning vi har haft hittills har varit v\u00e4l balanserad, sa hon d\u00e5.<\/p>\n<p><img loading=\"lazy\"   alt=\"\"\/><\/p>\n<p>\u201dJag tycker inte att jag har f\u00f6r\u00e4ndrats, men v\u00e4rlden har det\u201d, s\u00e4ger hon.<\/p>\n<p>Foto: OSCAR OLSSON<\/p>\n<p>\u00d6ppna bild i helsk\u00e4rmR\u00f6stat KD<\/p>\n<p>Att <a href=\"https:\/\/www.expressen.se\/tagg\/person\/paula-bieler\/\" class=\"\" rel=\"nofollow noopener\" target=\"_blank\">Paula Bieler<\/a> Eriksson nu g\u00e5tt med i KD och siktar p\u00e5 regionpolitiken i Uppsala, f\u00f6rklarar hon med att det \u00e4r ett beslut som vuxit fram.\u00a0<\/p>\n<p>Hon s\u00e4ger att det inte har med abortfr\u00e5gan att g\u00f6ra, och att hon st\u00e5r bakom KD:s uppfattningar i fr\u00e5gan. N\u00e5got engagemang i till exempel antiabortorganisationen M\u00e4nniskov\u00e4rde har hon inte.<\/p>\n<p>I st\u00e4llet handlar det om att hon k\u00e4nner att KD:s politik st\u00e4mmer v\u00e4l med hennes egna uppfattningar.\u00a0<\/p>\n<p>\u2013 Jag tycker inte att jag har f\u00f6r\u00e4ndrats, men v\u00e4rlden har det, s\u00e4ger Bieler Eriksson.<\/p>\n<p>Om hon v\u00e4rvats till KD vill hon inte s\u00e4ga. I st\u00e4llet menar hon att hon \u201dk\u00e4nner m\u00e5nga i partiet\u201d och har r\u00f6stat p\u00e5 det 2022.\u00a0<\/p>\n<p>\u2013 Kristdemokraterna har, som jag tycker, den starkaste r\u00f6sten f\u00f6r att sunda v\u00e4rderingar ska genomsyra ett gott samh\u00e4lle, s\u00e4ger Bieler Eriksson.<\/p>\n<p>\u2013\u00a0KD har en m\u00e4nniskosyn som v\u00e4ldigt tydligt talar om att \u00e4ven om varje m\u00e4nniska \u00e4r unik s\u00e5 b\u00e5de \u00e4r och beh\u00f6ver hon vara del av gemenskapen. Man ser den lilla m\u00e4nniskan \u00e4ven i stora system. Man ser familjen och familjens behov.<\/p>\n<p><img loading=\"lazy\"   alt=\"\"\/><\/p>\n<p>Avhoppet fr\u00e5n Sverigedemokraterna blev omskrivet.<\/p>\n<p>Foto: OSCAR OLSSON<\/p>\n<p>\u00d6ppna bild i helsk\u00e4rm<img loading=\"lazy\"   alt=\"\"\/><\/p>\n<p>Nu siktar Paula Bieler Eriksson p\u00e5 regionpolitiken i Uppsala.<\/p>\n<p>Foto: OSCAR OLSSON<\/p>\n<p>\u00d6ppna bild i helsk\u00e4rmGoda v\u00e4nner i SD<\/p>\n<p>Paula Bieler Eriksson vill nu arbeta med sjukv\u00e5rd och kollektivtrafik, en riksdagscomeback \u00e4r inte aktuell i nul\u00e4get.<\/p>\n<p>En fr\u00e5ga hon brinner s\u00e4rskilt f\u00f6r handlar om att f\u00f6rstatliga v\u00e5rden, ett krav som KD l\u00e4nge drivit. Hon menar att hon sj\u00e4lv ser behovet i sin egen vardag.<\/p>\n<p>Annons<\/p>\n<p>\u2013\u00a0Som regionindelningen fungerar s\u00e5 h\u00e4nvisas jag till Akademiska i Uppsala trots att jag nu bor s\u00e5 l\u00e5ngt upp i Norduppland att mitt n\u00e4rmaste sjukhus finns i G\u00e4vle. S\u00e5 l\u00e4nge regionerna finns kvar m\u00e5ste vi bli b\u00e4ttre p\u00e5 att synkronisera dem med varandra.<\/p>\n<p>Paula Bieler Eriksson markerar att hon inte \u00e4r s\u00e4rskilt sugen att prata om sitt tidigare parti, nu vill hon prata om KD.\u00a0<\/p>\n<p>Men hon s\u00e4ger att hon fortfarande har m\u00e5nga goda v\u00e4nner i SD, och att hon inte har n\u00e5got ont att s\u00e4ga om sitt gamla parti.<\/p>\n<p>Den kritik som Marianne Sandstr\u00f6m, tidigare ledamot i SD:s partistyrelse, nyligen riktade mot partiet, om olika m\u00e5ttstockar f\u00f6r kvinnor och m\u00e4n, s\u00e4ger hon sig inte k\u00e4nna igen.<\/p>\n<p>\u2013\u00a0Men jag vet inte hur utvecklingen har varit sedan jag l\u00e4mnade.<\/p>\n<p>Paula Bieler Eriksson<\/p>\n<p>Paula Bieler Eriksson satt i riksdagen f\u00f6r SD 2014-2020. N\u00e4r hon l\u00e4mnade var hon migrationspolitisk talesperson. Innan dess var hon bland annat politisk sekreterare \u00e5t m\u00e5ng\u00e5rige SD-profilen Mattias Karlsson.<\/p>\n<p>Hon har ocks\u00e5 varit chefredakt\u00f6r f\u00f6r SD-Kuriren.<\/p>\n<p>Paula Bieler Eriksson \u00e4r gift och har tre barn, 5, 3 och 1 \u00e5r. Hon \u00e4r just nu i huvudsak f\u00f6r\u00e4ldraledig men jobbar ocks\u00e5 som siml\u00e4rare.<\/p>\n<p>Visa mer<\/p>\n","protected":false},"excerpt":{"rendered":"Val 2026 Publicerad 28 nov 2025 kl 10.27Uppdaterad kl 10.51 Paula Bieler Eriksson, 37, g\u00f6r comeback i politiken&hellip;\n","protected":false},"author":2,"featured_media":91960,"comment_status":"","ping_status":"","sticky":false,"template":"","format":"standard","meta":{"footnotes":""},"categories":[12],"tags":[22,23,26,27,17,21,24,25,28,29,15,3464,16,38,10614,18,34,583,31,33,32,30,19,152,20],"class_list":{"0":"post-91959","1":"post","2":"type-post","3":"status-publish","4":"format-standard","5":"has-post-thumbnail","7":"category-sverige","8":"tag-breaking-news","9":"tag-breakingnews","10":"tag-featured-news","11":"tag-featurednews","12":"tag-headlines","13":"tag-huvudnyheter","14":"tag-latest-news","15":"tag-latestnews","16":"tag-main-news","17":"tag-mainnews","18":"tag-news","19":"tag-newsstory-val-2026","20":"tag-nyheter","21":"tag-organization-sverigedemokraterna","22":"tag-person-paula-bieler","23":"tag-rubriker","24":"tag-se","25":"tag-sections-politik","26":"tag-svenska","27":"tag-sverige","28":"tag-sweden","29":"tag-swedish","30":"tag-top-stories","31":"tag-topic-inrikespolitik","32":"tag-topstories"},"share_on_mastodon":{"url":"https:\/\/pubeurope.com\/@se\/115626714379721515","error":""},"_links":{"self":[{"href":"https:\/\/www.europesays.com\/se\/wp-json\/wp\/v2\/posts\/91959","targetHints":{"allow":["GET"]}}],"collection":[{"href":"https:\/\/www.europesays.com\/se\/wp-json\/wp\/v2\/posts"}],"about":[{"href":"https:\/\/www.europesays.com\/se\/wp-json\/wp\/v2\/types\/post"}],"author":[{"embeddable":true,"href":"https:\/\/www.europesays.com\/se\/wp-json\/wp\/v2\/users\/2"}],"replies":[{"embeddable":true,"href":"https:\/\/www.europesays.com\/se\/wp-json\/wp\/v2\/comments?post=91959"}],"version-history":[{"count":0,"href":"https:\/\/www.europesays.com\/se\/wp-json\/wp\/v2\/posts\/91959\/revisions"}],"wp:featuredmedia":[{"embeddable":true,"href":"https:\/\/www.europesays.com\/se\/wp-json\/wp\/v2\/media\/91960"}],"wp:attachment":[{"href":"https:\/\/www.europesays.com\/se\/wp-json\/wp\/v2\/media?parent=91959"}],"wp:term":[{"taxonomy":"category","embeddable":true,"href":"https:\/\/www.europesays.com\/se\/wp-json\/wp\/v2\/categories?post=91959"},{"taxonomy":"post_tag","embeddable":true,"href":"https:\/\/www.europesays.com\/se\/wp-json\/wp\/v2\/tags?post=91959"}],"curies":[{"name":"wp","href":"https:\/\/api.w.org\/{rel}","templated":true}]}}