{"id":91961,"date":"2025-11-28T09:53:09","date_gmt":"2025-11-28T09:53:09","guid":{"rendered":"https:\/\/www.europesays.com\/se\/91961\/"},"modified":"2025-11-28T09:53:09","modified_gmt":"2025-11-28T09:53:09","slug":"tidigare-sd-toppen-paula-bieler-eriksson-gar-till-kd","status":"publish","type":"post","link":"https:\/\/www.europesays.com\/se\/91961\/","title":{"rendered":"Tidigare SD-toppen Paula Bieler Eriksson g\u00e5r till KD"},"content":{"rendered":"<p>Tidigare SD-toppen Paula Bieler Eriksson byter parti \u2013 och g\u00e5r till Kristdemokraterna, rapporterar Expressen. Beslutet f\u00f6rklarar hon med att hon k\u00e4nner att KD:s politik st\u00e4mmer v\u00e4l \u00f6verens med hennes egna uppfattningar.<\/p>\n<p>Nu har hon siktet inst\u00e4llt p\u00e5 regionpolitiken i Uppsala.<\/p>\n<p>\u2013 Jag har hittat hem i KD, s\u00e4ger hon till tidningen.<\/p>\n<p>Enligt Bieler Eriksson har hon r\u00f6stat p\u00e5 partiet sedan 2022 och k\u00e4nner m\u00e5nga inom det. Hon vill inte svara p\u00e5 fr\u00e5gan om hon har v\u00e4rvats eller inte.<\/p>\n<p>Omni \u00e4r politiskt obundna och oberoende. Vi str\u00e4var efter att ge fler perspektiv p\u00e5 nyheterna. Har du fr\u00e5gor eller synpunkter kring v\u00e5r rapportering? <a href=\"https:\/\/omni.se\/tidigare-sd-toppen-paula-bieler-eriksson-gar-till-kd\/a\/mailto:redaktion@omni.se\" class=\"ArticleActions_contactLink__W2F1M\" rel=\"nofollow noopener\" target=\"_blank\">Kontakta redaktionen<\/a><\/p>\n","protected":false},"excerpt":{"rendered":"Tidigare SD-toppen Paula Bieler Eriksson byter parti \u2013 och g\u00e5r till Kristdemokraterna, rapporterar Expressen. Beslutet f\u00f6rklarar hon med&hellip;\n","protected":false},"author":2,"featured_media":91962,"comment_status":"","ping_status":"","sticky":false,"template":"","format":"standard","meta":{"footnotes":""},"categories":[5],"tags":[22,23,26,27,17,21,1107,24,25,28,29,15,16,10615,369,18,34,31,33,617,32,30,19,20,3416],"class_list":{"0":"post-91961","1":"post","2":"type-post","3":"status-publish","4":"format-standard","5":"has-post-thumbnail","7":"category-rubriker","8":"tag-breaking-news","9":"tag-breakingnews","10":"tag-featured-news","11":"tag-featurednews","12":"tag-headlines","13":"tag-huvudnyheter","14":"tag-kristdemokraterna","15":"tag-latest-news","16":"tag-latestnews","17":"tag-main-news","18":"tag-mainnews","19":"tag-news","20":"tag-nyheter","21":"tag-paula-bieler-eriksson","22":"tag-politik","23":"tag-rubriker","24":"tag-se","25":"tag-svenska","26":"tag-sverige","27":"tag-sverigedemokraterna","28":"tag-sweden","29":"tag-swedish","30":"tag-top-stories","31":"tag-topstories","32":"tag-valet-2026"},"share_on_mastodon":{"url":"https:\/\/pubeurope.com\/@se\/115626718187700610","error":""},"_links":{"self":[{"href":"https:\/\/www.europesays.com\/se\/wp-json\/wp\/v2\/posts\/91961","targetHints":{"allow":["GET"]}}],"collection":[{"href":"https:\/\/www.europesays.com\/se\/wp-json\/wp\/v2\/posts"}],"about":[{"href":"https:\/\/www.europesays.com\/se\/wp-json\/wp\/v2\/types\/post"}],"author":[{"embeddable":true,"href":"https:\/\/www.europesays.com\/se\/wp-json\/wp\/v2\/users\/2"}],"replies":[{"embeddable":true,"href":"https:\/\/www.europesays.com\/se\/wp-json\/wp\/v2\/comments?post=91961"}],"version-history":[{"count":0,"href":"https:\/\/www.europesays.com\/se\/wp-json\/wp\/v2\/posts\/91961\/revisions"}],"wp:featuredmedia":[{"embeddable":true,"href":"https:\/\/www.europesays.com\/se\/wp-json\/wp\/v2\/media\/91962"}],"wp:attachment":[{"href":"https:\/\/www.europesays.com\/se\/wp-json\/wp\/v2\/media?parent=91961"}],"wp:term":[{"taxonomy":"category","embeddable":true,"href":"https:\/\/www.europesays.com\/se\/wp-json\/wp\/v2\/categories?post=91961"},{"taxonomy":"post_tag","embeddable":true,"href":"https:\/\/www.europesays.com\/se\/wp-json\/wp\/v2\/tags?post=91961"}],"curies":[{"name":"wp","href":"https:\/\/api.w.org\/{rel}","templated":true}]}}