{"id":91974,"date":"2025-11-28T10:07:11","date_gmt":"2025-11-28T10:07:11","guid":{"rendered":"https:\/\/www.europesays.com\/se\/91974\/"},"modified":"2025-11-28T10:07:11","modified_gmt":"2025-11-28T10:07:11","slug":"en-av-de-skjutna-vid-vita-huset-har-avlidit-vasterbottens-kuriren","status":"publish","type":"post","link":"https:\/\/www.europesays.com\/se\/91974\/","title":{"rendered":"En av de skjutna vid Vita huset har avlidit &#8211; V\u00e4sterbottens-Kuriren"},"content":{"rendered":"<ol>\n<li><a href=\"https:\/\/news.google.com\/rss\/articles\/CBMihAFBVV95cUxNMW5SbkQwdXdPenowWW9ZeEFvVl9JSmo0My1ORHc1VHN5VDFQVDBIWV9kUU1fVDFDczJIYnVKSXBsbUFaSW84bEFIMERkdi1EWWFnOFBmcExIdG0yN1BMNUNmNEdMc1p1RmJuNUl6VlJyWVczMUk5YlNsbjQ5ZU1wM2MybmE?oc=5\" target=\"_blank\" rel=\"nofollow noopener\">En av de skjutna vid Vita huset har avlidit<\/a>&nbsp;&nbsp;V\u00e4sterbottens-Kuriren<\/li>\n<li><a href=\"https:\/\/news.google.com\/rss\/articles\/CBMiXkFVX3lxTE1mZVJXdlNlbXdYbGJucFcxa0JKRk5NRmhya05wbkw2U0pwb1NiVmViWEJaOUZ5WTA0cVhEanZuRjhvaHFQV2pvcWF0SDh4ZDF4NzVKS1h2YjNTeVVTcVE?oc=5\" target=\"_blank\" rel=\"nofollow noopener\">Nationalgardist d\u00f6d efter skjutningen<\/a>&nbsp;&nbsp;SvD<\/li>\n<li><a href=\"https:\/\/news.google.com\/rss\/articles\/CBMikAFBVV95cUxOMTZkNnByVUh6MGkyeGtjcFVXUENvM21icUc5aDM0ZThWblR4VE9ySzdZTlNRWkg4cG9jdFAyam1TbWx5cldrV2JELWFMNGVXcmhRS2FKUlVtdTFXZmp2dGRURmNxa0wxazl3NXJfMmFtUk1FaExZUnRfVFNuaUh3UFpRMWVPUWtTNFNoeUUtQW4?oc=5\" target=\"_blank\" rel=\"nofollow noopener\">DC-skytt stred f\u00f6r USA i Kandahar \u2013 fick asyl<\/a>&nbsp;&nbsp;Aftonbladet<\/li>\n<li><a href=\"https:\/\/news.google.com\/rss\/articles\/CBMieEFVX3lxTE02cDZmNlpLcV9fQXFPQmhvdjJaYUxvSTRjMlNidkR1cVhCTDc0U2Z5X1N0bl9sSU1xck1ja1JMaUdaeWZkTnNfNUMta1hkU1QtTmtFTUhwT1dpVGxsOUFQVUFsbE8wZEdYUEZZZG5JcldMYi1FdGZhTA?oc=5\" target=\"_blank\" rel=\"nofollow noopener\">28 november: Nattens nyheter<\/a>&nbsp;&nbsp;SVT Nyheter<\/li>\n<li><a href=\"https:\/\/news.google.com\/rss\/articles\/CBMisAFBVV95cUxQU3YzQ3lDendmOUtDcTlLWVRZTWF2WWI3RlJMUERERnZTeXlBcFZMSG85aWJtTUxJY1owN3FINnFkeTlKbUt5NTFmRlZDNklYWF90LTRXLU5kTThIU0Y4QmJIWEgzV3JQTlg0TFZVaVR5S1JJRWtBR21VcDEyeVBEaTVwdUNTMHBaWTdiTFVkNHIwM1lIaklBVC1VRDdScGdzZjFXb0RTME5JOHJTQ0toTg?oc=5\" target=\"_blank\" rel=\"nofollow noopener\">Elitsoldaten Rahmanullah Lakanwal misst\u00e4nks f\u00f6r d\u00e5det vid Vita huset<\/a>&nbsp;&nbsp;Expressen<\/li>\n<\/ol>\n","protected":false},"excerpt":{"rendered":"En av de skjutna vid Vita huset har avlidit&nbsp;&nbsp;V\u00e4sterbottens-Kuriren Nationalgardist d\u00f6d efter skjutningen&nbsp;&nbsp;SvD DC-skytt stred f\u00f6r USA i&hellip;\n","protected":false},"author":2,"featured_media":91975,"comment_status":"","ping_status":"","sticky":false,"template":"","format":"standard","meta":{"footnotes":""},"categories":[14],"tags":[22,23,26,27,17,21,24,25,28,29,15,16,18,34,31,33,32,30,19,20,51,52,53,54],"class_list":{"0":"post-91974","1":"post","2":"type-post","3":"status-publish","4":"format-standard","5":"has-post-thumbnail","7":"category-varlden","8":"tag-breaking-news","9":"tag-breakingnews","10":"tag-featured-news","11":"tag-featurednews","12":"tag-headlines","13":"tag-huvudnyheter","14":"tag-latest-news","15":"tag-latestnews","16":"tag-main-news","17":"tag-mainnews","18":"tag-news","19":"tag-nyheter","20":"tag-rubriker","21":"tag-se","22":"tag-svenska","23":"tag-sverige","24":"tag-sweden","25":"tag-swedish","26":"tag-top-stories","27":"tag-topstories","28":"tag-varlden","29":"tag-world","30":"tag-world-news","31":"tag-worldnews"},"share_on_mastodon":{"url":"https:\/\/pubeurope.com\/@se\/115626773382268409","error":""},"_links":{"self":[{"href":"https:\/\/www.europesays.com\/se\/wp-json\/wp\/v2\/posts\/91974","targetHints":{"allow":["GET"]}}],"collection":[{"href":"https:\/\/www.europesays.com\/se\/wp-json\/wp\/v2\/posts"}],"about":[{"href":"https:\/\/www.europesays.com\/se\/wp-json\/wp\/v2\/types\/post"}],"author":[{"embeddable":true,"href":"https:\/\/www.europesays.com\/se\/wp-json\/wp\/v2\/users\/2"}],"replies":[{"embeddable":true,"href":"https:\/\/www.europesays.com\/se\/wp-json\/wp\/v2\/comments?post=91974"}],"version-history":[{"count":0,"href":"https:\/\/www.europesays.com\/se\/wp-json\/wp\/v2\/posts\/91974\/revisions"}],"wp:featuredmedia":[{"embeddable":true,"href":"https:\/\/www.europesays.com\/se\/wp-json\/wp\/v2\/media\/91975"}],"wp:attachment":[{"href":"https:\/\/www.europesays.com\/se\/wp-json\/wp\/v2\/media?parent=91974"}],"wp:term":[{"taxonomy":"category","embeddable":true,"href":"https:\/\/www.europesays.com\/se\/wp-json\/wp\/v2\/categories?post=91974"},{"taxonomy":"post_tag","embeddable":true,"href":"https:\/\/www.europesays.com\/se\/wp-json\/wp\/v2\/tags?post=91974"}],"curies":[{"name":"wp","href":"https:\/\/api.w.org\/{rel}","templated":true}]}}