{"id":91994,"date":"2025-11-28T10:24:47","date_gmt":"2025-11-28T10:24:47","guid":{"rendered":"https:\/\/www.europesays.com\/se\/91994\/"},"modified":"2025-11-28T10:24:47","modified_gmt":"2025-11-28T10:24:47","slug":"lat-seniorerna-pa-vaduren-behalla-sin-torsdagsdrink","status":"publish","type":"post","link":"https:\/\/www.europesays.com\/se\/91994\/","title":{"rendered":"L\u00e5t seniorerna p\u00e5 V\u00e4duren beh\u00e5lla sin torsdagsdrink"},"content":{"rendered":"<p>Publicerad 27 nov 2025 kl 18.00<\/p>\n<p>Kommunen stoppar en stillsam torsdagslik\u00f6r p\u00e5 ett seniorboende \u2013 och avsl\u00f6jar en syn p\u00e5 \u00e4ldre som \u00e4r b\u00e5de nedl\u00e5tande och verklighetsfr\u00e5nv\u00e4nd.<\/p>\n<p><img   alt=\"\"\/><\/p>\n<p>\u00c4ldre p\u00e5 seniortr\u00e4ffar i Stockholm nekas att ta sig en hutt.<\/p>\n<p>Foto: Michelangelus \/ Shutterstock<\/p>\n<p>\u00d6ppna bild i helsk\u00e4rm<img loading=\"lazy\"   alt=\"\"\/><\/p>\n<p>Stockholms stadshus.<\/p>\n<p>Foto: Fredrik Sandberg \/ TT NYHETSBYR\u00c5N<\/p>\n<p>\u00d6ppna bild i helsk\u00e4rm<\/p>\n<p>En liten avec till torsdagskaffet har under de senaste sex \u00e5ren varit en ljuspunkt under tr\u00e4ffpunkterna p\u00e5 seniorboendet V\u00e4duren i <a href=\"https:\/\/www.expressen.se\/tagg\/location\/stockholm\/\" class=\"\" rel=\"nofollow noopener\" target=\"_blank\">Stockholm<\/a>. Men i b\u00f6rjan av november satte stadsdelsn\u00e4mnden korken i flaskan.\u00a0<\/p>\n<p>Berodde det p\u00e5 att \u00f6verf\u00f6rfriskade \u00e5ldringar b\u00f6rjat dr\u00e4lla runt i grannskapet, skr\u00e5lande Evert Taube-visor?\u00a0<\/p>\n<p>Det verkar inte s\u00e5.<\/p>\n<p>Berodde det p\u00e5 att pension\u00e4rer med tydliga alkoholproblem d\u00f6k upp fr\u00e5n n\u00e4r och fj\u00e4rran f\u00f6r att tjuvdricka?<\/p>\n<p>Det p\u00e5st\u00e5r ingen.\u00a0<\/p>\n<p><strong>Inget har h\u00e4nt f\u00f6rutom att Norra innerstadens stadsdelsf\u00f6rvaltning lusl\u00e4ste alkohollagstiftningen och beslutade sig f\u00f6r att g\u00f6ra livet f\u00f6r sina \u00e4ldsta inv\u00e5nare lite tr\u00e5kigare.\u00a0<\/strong><\/p>\n<p>F\u00f6rvaltningen h\u00e4vdar att torsdagstr\u00e4ffen formellt \u00e4r \u00f6ppen f\u00f6r kreti och pleti \u2013 \u00e4ven om det bara kommer inbjudna, enligt de boende \u2013 och d\u00e5 kr\u00e4vs serveringstillst\u00e5nd. F\u00f6r att f\u00e5 ett s\u00e5dant skulle man emellertid beh\u00f6va bygga om k\u00f6ket s\u00e5 att det kan serveras f\u00f6rr\u00e4tt, huvudr\u00e4tt och efterr\u00e4tt, och personalen m\u00e5ste utbildas, och s\u00e5 vidare.\u00a0<\/p>\n<blockquote><p>Och f\u00f6r 80-plussare \u00e4r ensamhet och enformighet de stora h\u00e4lsohoten.<\/p><\/blockquote>\n<p>F\u00f6rvaltningen verkar dock inte tycka att alkohollagstiftningens krokben \u00e4r beklagligt utan f\u00f6rsvarar stolt sitt f\u00f6rbud. Staden m\u00e5ste ju kunna erbjuda \u201dtrygga och trevliga\u201d m\u00f6tesplatser och den har i uppdrag att verka h\u00e4lsofr\u00e4mjande, s\u00e4ger en kommunikat\u00f6r till tidningen <a href=\"https:\/\/www.mitti.se\/nyheter\/de-far-inte-dricka-likor-till-kaffet--hanvisas-till-barer-pa-stan-6.3.330557.86bee096c9\" rel=\"nofollow noopener\" target=\"_blank\">Mitt i<\/a>.\u00a0<\/p>\n<p><strong>De medel\u00e5lders som styr Stockholm tycks rent allm\u00e4nt ha f\u00e5tt missriktad h\u00e4lsonit p\u00e5 hj\u00e4rnan.\u00a0<\/strong><\/p>\n<p>N\u00e4r oppositionsborgarr\u00e5det Andr\u00e9a Hedin (M) motionerade om att staden skulle utreda om man kan till\u00e5ta alkohol \u00e5tminstone p\u00e5 vissa tr\u00e4ffpunkter fick hon inget geh\u00f6r av den r\u00f6dgr\u00f6na majoriteten, bland annat med h\u00e4nvisning till det h\u00e4lsofr\u00e4mjande arbetet. Majoriteten kunde m\u00f6jligen t\u00e4nka sig undantag vid s\u00e4rskilda h\u00f6gtider, som \u201den \u00f6l till midsommarlunchen\u201d.<\/p>\n<p>Flera remissvar fr\u00e5n stadsdelar och n\u00e4mnder andas \u00e4ngslig renlevnadsiver.\u00a0<\/p>\n<p>Socialf\u00f6rvaltningen skriver om hur tungt det blir f\u00f6r medarbetare som m\u00e5ste ha uppsikt \u00f6ver g\u00e4sterna, bed\u00f6ma berusningsgrader \u2013 och ta \u201dansvar f\u00f6r att minder\u00e5riga inte direkt eller indirekt tar del av serveringen\u201d.<\/p>\n<p><strong>Var minder\u00e5riga suputer ett problem p\u00e5 seniortr\u00e4ffar under de \u00e5r d\u00e5 det gick bra att ta sig ett glas i huvudstaden? Antagligen inte.<\/strong><\/p>\n<p>Alkohollagstiftningen \u00e4r skriven med krogar och restauranger i \u00e5tanke, inte kafferep och luncher f\u00f6r 80-\u00e5ringar. Det vettiga hade varit att se mellan fingrarna och l\u00e5ta alkoholf\u00f6rt\u00e4ringen forts\u00e4tta \u2013 och agera f\u00f6rst om problem uppstod.<\/p>\n<p>F\u00f6rest\u00e4llningen att ett glas lik\u00f6r eller vin i veckan skulle motverka n\u00e5gra h\u00e4lsom\u00e5l \u00e4r f\u00f6r \u00f6vrigt knasig. Och f\u00f6r 80-plussare \u00e4r ensamhet och enformighet de stora h\u00e4lsohoten. \u00a0<\/p>\n<p>\u2013 Det k\u00e4nns lite f\u00f6rnedrande. De f\u00f6rminskar oss, s\u00e4ger Margareta om lik\u00f6rstoppet till <a href=\"https:\/\/www.sverigesradio.se\/artikel\/aldre-nekas-alkohol-stockholms-stad-anmals\" rel=\"nofollow noopener\" target=\"_blank\">P4 Stockholm<\/a>.\u00a0<\/p>\n<p><strong>Att k\u00e4nna sig f\u00f6rnedrad \u00e4r inte h\u00e4lsofr\u00e4mjande.\u00a0<\/strong><\/p>\n<p><strong>L\u00c4S MER: <\/strong><a href=\"https:\/\/www.expressen.se\/ledare\/karin-pihl\/lat-margareta-95-njuta-av-ett-glas-vin\/\" class=\"\" rel=\"nofollow noopener\" target=\"_blank\">L\u00e5t Margareta, 95, njuta av ett glas vin<\/a><strong>L\u00c4S MER: <\/strong><a href=\"https:\/\/www.expressen.se\/ledare\/ledare-tortyr-att-vagra-dementa-boende\/\" class=\"\" rel=\"nofollow noopener\" target=\"_blank\">LEDARE: Tortyr att v\u00e4gra dementa boende<\/a><a href=\"https:\/\/www.expressen.se\/nyhetsbrev\/\" title=\"Anm\u00e4l dig till ledarbrevet\" rel=\"nofollow noopener\" target=\"_blank\"><br \/>\n  <img decoding=\"async\" style=\"max-width:100%;display:block;\" src=\"https:\/\/www.europesays.com\/se\/wp-content\/uploads\/2025\/08\/640@60.jpg\"\/><br \/>\n<\/a><\/p>\n","protected":false},"excerpt":{"rendered":"Publicerad 27 nov 2025 kl 18.00 Kommunen stoppar en stillsam torsdagslik\u00f6r p\u00e5 ett seniorboende \u2013 och avsl\u00f6jar en&hellip;\n","protected":false},"author":2,"featured_media":91995,"comment_status":"","ping_status":"","sticky":false,"template":"","format":"standard","meta":{"footnotes":""},"categories":[12],"tags":[22,23,26,27,17,21,24,25,135,28,29,15,16,18,34,31,33,32,30,19,219,10616,145,20],"class_list":{"0":"post-91994","1":"post","2":"type-post","3":"status-publish","4":"format-standard","5":"has-post-thumbnail","7":"category-sverige","8":"tag-breaking-news","9":"tag-breakingnews","10":"tag-featured-news","11":"tag-featurednews","12":"tag-headlines","13":"tag-huvudnyheter","14":"tag-latest-news","15":"tag-latestnews","16":"tag-location-stockholm","17":"tag-main-news","18":"tag-mainnews","19":"tag-news","20":"tag-nyheter","21":"tag-rubriker","22":"tag-se","23":"tag-svenska","24":"tag-sverige","25":"tag-sweden","26":"tag-swedish","27":"tag-top-stories","28":"tag-topic-alkohol","29":"tag-topic-folkhalsa","30":"tag-topic-mat-dryck","31":"tag-topstories"},"share_on_mastodon":{"url":"https:\/\/pubeurope.com\/@se\/115626844160668281","error":""},"_links":{"self":[{"href":"https:\/\/www.europesays.com\/se\/wp-json\/wp\/v2\/posts\/91994","targetHints":{"allow":["GET"]}}],"collection":[{"href":"https:\/\/www.europesays.com\/se\/wp-json\/wp\/v2\/posts"}],"about":[{"href":"https:\/\/www.europesays.com\/se\/wp-json\/wp\/v2\/types\/post"}],"author":[{"embeddable":true,"href":"https:\/\/www.europesays.com\/se\/wp-json\/wp\/v2\/users\/2"}],"replies":[{"embeddable":true,"href":"https:\/\/www.europesays.com\/se\/wp-json\/wp\/v2\/comments?post=91994"}],"version-history":[{"count":0,"href":"https:\/\/www.europesays.com\/se\/wp-json\/wp\/v2\/posts\/91994\/revisions"}],"wp:featuredmedia":[{"embeddable":true,"href":"https:\/\/www.europesays.com\/se\/wp-json\/wp\/v2\/media\/91995"}],"wp:attachment":[{"href":"https:\/\/www.europesays.com\/se\/wp-json\/wp\/v2\/media?parent=91994"}],"wp:term":[{"taxonomy":"category","embeddable":true,"href":"https:\/\/www.europesays.com\/se\/wp-json\/wp\/v2\/categories?post=91994"},{"taxonomy":"post_tag","embeddable":true,"href":"https:\/\/www.europesays.com\/se\/wp-json\/wp\/v2\/tags?post=91994"}],"curies":[{"name":"wp","href":"https:\/\/api.w.org\/{rel}","templated":true}]}}