{"id":92082,"date":"2025-11-28T12:02:17","date_gmt":"2025-11-28T12:02:17","guid":{"rendered":"https:\/\/www.europesays.com\/se\/92082\/"},"modified":"2025-11-28T12:02:17","modified_gmt":"2025-11-28T12:02:17","slug":"trump-stoppar-invandring-fran-utvecklingslander-expressen","status":"publish","type":"post","link":"https:\/\/www.europesays.com\/se\/92082\/","title":{"rendered":"Trump stoppar invandring fr\u00e5n utvecklingsl\u00e4nder &#8211; Expressen"},"content":{"rendered":"<ol>\n<li><a href=\"https:\/\/news.google.com\/rss\/articles\/CBMilwFBVV95cUxNU1NBR3FRYnU1YXhFTW41cmszanRtb2xtRENHZ21JQ0FtSk9TQ3FfcjlXcXNManpDeVZESFhyMEFnRC1iWks1cVQ5RXZqMWc5bk1zWlBkRkxmTkxaUmdncnp6YmstOFVIMVFqVDdNcDdWdEY0SWp2MUJsR0Z2azl0TmVLUDM4VUxWYlNjcm9oM3FJSnp2N1VF?oc=5\" target=\"_blank\" rel=\"nofollow noopener\">Trump stoppar invandring fr\u00e5n utvecklingsl\u00e4nder<\/a>&nbsp;&nbsp;Expressen<\/li>\n<li><a href=\"https:\/\/news.google.com\/rss\/articles\/CBMioAFBVV95cUxOZWpWR1hPN3I1Wk5XZl9fUFM1YkYtTkJOZFEzMi1QTWtGd3FSLUZrWmNWcHUxNjluZFRrdElVbXZKRV9kU0hpZGRoZk5FTDRGWEtKMjlUVnVGXzBoaUlSMWlPUnZ2bS1iX2d5dU9tRm9JUjBoT3dmTDd6TzBvT1BxeGk3TTIzVEFMQzA4OFdzMllHVTZTXzZJZlkyOS1sN3JU?oc=5\" target=\"_blank\" rel=\"nofollow noopener\">Greps f\u00f6r spioneri vid k\u00e4rnkraftverket \u2013 med Sovjetm\u00f6ssa i bilen &#8211; P4 Kalmar<\/a>&nbsp;&nbsp;Sveriges Radio<\/li>\n<li><a href=\"https:\/\/news.google.com\/rss\/articles\/CBMiggFBVV95cUxObXNLVlZYelE2NU9LQml2d1M4VC1HajlHeDEyZmZOT3pjUkp4SV9lSmhWb2NOeDRfenIzd3BINTZQd0JkUzF0U2dmZTJ2a2NCSWJDZ3VjNkI2cXhSVXI5elZLak9iMnYwSFRuRnBVM1FxMHdPdEVQaEthY01yWGlnTW9n?oc=5\" target=\"_blank\" rel=\"nofollow noopener\">Nyheter fr\u00e5n dagen: 26 november<\/a>&nbsp;&nbsp;SVT Nyheter<\/li>\n<li><a href=\"https:\/\/news.google.com\/rss\/articles\/CBMimgFBVV95cUxPb2FEeFNsN0RzbzFPRG9YNGFQeVBTakpCUUZYa1hOS0VxS21ycEpYRXR3R3U0ZVhlNzFydFNzc1J0RjdERlVWQ29QWHNPcGJvaHVLVWxLclpHZ1VIbDJCZEdaQkR0TTVBTUdRYnVsTW9RZHFvR3JnUHRGRlVkR0JWSm9rQ0ZnQUR5WWZMUWo2WGkxRS11VUE4Ynhn?oc=5\" target=\"_blank\" rel=\"nofollow noopener\">Greps f\u00f6r spioneri \u2013 med sovjetm\u00f6ssa i bilen<\/a>&nbsp;&nbsp;TV4 Nyheterna<\/li>\n<li><a href=\"https:\/\/news.google.com\/rss\/articles\/CBMiowFBVV95cUxQY2Utd3RJWFZZdlk3MjMtTWRwM0xVRFoyNkF3WllSVnZaTnphQk4xcXdMWVZSRGFWWjJOYTlqcTR6MGpFcU5UUEwxcjhBMmRPWGVPT1gtVXc3TW5fWUdMdElncS1xbkhJN090SG5WaEh6a1diX0cwMnlDaWxPRzZVYzdEeWxCTjRpZnlKQ0ZQSWNQTHdBVFh3dGFlUGlaNk5hUHFV?oc=5\" target=\"_blank\" rel=\"nofollow noopener\">Tv\u00e5 m\u00e4n \u00e5talas f\u00f6r olovlig fotografering vid OKG: F\u00e5r r\u00e4kna med b\u00f6ter<\/a>&nbsp;&nbsp;Oskarshamns-Nytt<\/li>\n<\/ol>\n","protected":false},"excerpt":{"rendered":"Trump stoppar invandring fr\u00e5n utvecklingsl\u00e4nder&nbsp;&nbsp;Expressen Greps f\u00f6r spioneri vid k\u00e4rnkraftverket \u2013 med Sovjetm\u00f6ssa i bilen &#8211; P4 Kalmar&nbsp;&nbsp;Sveriges&hellip;\n","protected":false},"author":2,"featured_media":39,"comment_status":"","ping_status":"","sticky":false,"template":"","format":"standard","meta":{"footnotes":""},"categories":[12],"tags":[22,23,26,27,35,17,21,24,25,28,29,15,16,18,34,31,33,32,30,19,20],"class_list":{"0":"post-92082","1":"post","2":"type-post","3":"status-publish","4":"format-standard","5":"has-post-thumbnail","7":"category-sverige","8":"tag-breaking-news","9":"tag-breakingnews","10":"tag-featured-news","11":"tag-featurednews","12":"tag-function-ta-bort-ai-rost","13":"tag-headlines","14":"tag-huvudnyheter","15":"tag-latest-news","16":"tag-latestnews","17":"tag-main-news","18":"tag-mainnews","19":"tag-news","20":"tag-nyheter","21":"tag-rubriker","22":"tag-se","23":"tag-svenska","24":"tag-sverige","25":"tag-sweden","26":"tag-swedish","27":"tag-top-stories","28":"tag-topstories"},"share_on_mastodon":{"url":"https:\/\/pubeurope.com\/@se\/115627225495424387","error":""},"_links":{"self":[{"href":"https:\/\/www.europesays.com\/se\/wp-json\/wp\/v2\/posts\/92082","targetHints":{"allow":["GET"]}}],"collection":[{"href":"https:\/\/www.europesays.com\/se\/wp-json\/wp\/v2\/posts"}],"about":[{"href":"https:\/\/www.europesays.com\/se\/wp-json\/wp\/v2\/types\/post"}],"author":[{"embeddable":true,"href":"https:\/\/www.europesays.com\/se\/wp-json\/wp\/v2\/users\/2"}],"replies":[{"embeddable":true,"href":"https:\/\/www.europesays.com\/se\/wp-json\/wp\/v2\/comments?post=92082"}],"version-history":[{"count":0,"href":"https:\/\/www.europesays.com\/se\/wp-json\/wp\/v2\/posts\/92082\/revisions"}],"wp:featuredmedia":[{"embeddable":true,"href":"https:\/\/www.europesays.com\/se\/wp-json\/wp\/v2\/media\/39"}],"wp:attachment":[{"href":"https:\/\/www.europesays.com\/se\/wp-json\/wp\/v2\/media?parent=92082"}],"wp:term":[{"taxonomy":"category","embeddable":true,"href":"https:\/\/www.europesays.com\/se\/wp-json\/wp\/v2\/categories?post=92082"},{"taxonomy":"post_tag","embeddable":true,"href":"https:\/\/www.europesays.com\/se\/wp-json\/wp\/v2\/tags?post=92082"}],"curies":[{"name":"wp","href":"https:\/\/api.w.org\/{rel}","templated":true}]}}