{"id":92101,"date":"2025-11-28T12:20:12","date_gmt":"2025-11-28T12:20:12","guid":{"rendered":"https:\/\/www.europesays.com\/se\/92101\/"},"modified":"2025-11-28T12:20:12","modified_gmt":"2025-11-28T12:20:12","slug":"busch-kallar-upp-elnatsbolag-efter-hojda-avgifter","status":"publish","type":"post","link":"https:\/\/www.europesays.com\/se\/92101\/","title":{"rendered":"Busch kallar upp eln\u00e4tsbolag efter h\u00f6jda avgifter"},"content":{"rendered":"<p>Energiminister Ebba Busch (KD) kallar upp eln\u00e4tsbolagen efter beskedet att Vattenfall och Ellevio h\u00f6jer eln\u00e4tsavgifterna. <\/p>\n<p>Hon skriver p\u00e5 X att man ska ha \u201dflera m\u00f6ten med eln\u00e4tsbolag och andra akt\u00f6rer f\u00f6r att reda i detta\u201d.<\/p>\n<p>\u201dJag har ocks\u00e5 bett Energimarknadsinspektionen att komma till departementet och redog\u00f6ra f\u00f6r l\u00e4get.\u201d<\/p>\n<p>Vattenfall h\u00f6jer fr\u00e5n \u00e5rsskiftet avgiften med 14 procent \u2013 motsvarande cirka 130 kronor i m\u00e5naden f\u00f6r en eluppv\u00e4rmd villa och 35 kronor f\u00f6r en l\u00e4genhet. Eln\u00e4tsavgifterna har \u00f6kat med n\u00e4rmare 60 procent det senaste decenniet.<\/p>\n<p>Omni \u00e4r politiskt obundna och oberoende. Vi str\u00e4var efter att ge fler perspektiv p\u00e5 nyheterna. Har du fr\u00e5gor eller synpunkter kring v\u00e5r rapportering? <a href=\"https:\/\/omni.se\/busch-kallar-upp-elnatsbolagen-efter-hojda-avgifter\/a\/mailto:redaktion@omni.se\" class=\"ArticleActions_contactLink__W2F1M\" rel=\"nofollow noopener\" target=\"_blank\">Kontakta redaktionen<\/a><\/p>\n","protected":false},"excerpt":{"rendered":"Energiminister Ebba Busch (KD) kallar upp eln\u00e4tsbolagen efter beskedet att Vattenfall och Ellevio h\u00f6jer eln\u00e4tsavgifterna. Hon skriver p\u00e5&hellip;\n","protected":false},"author":2,"featured_media":92102,"comment_status":"","ping_status":"","sticky":false,"template":"","format":"standard","meta":{"footnotes":""},"categories":[5],"tags":[22,23,1106,4912,291,10620,1426,26,27,17,21,24,25,28,29,15,16,18,34,31,33,32,30,19,20,1507],"class_list":{"0":"post-92101","1":"post","2":"type-post","3":"status-publish","4":"format-standard","5":"has-post-thumbnail","7":"category-rubriker","8":"tag-breaking-news","9":"tag-breakingnews","10":"tag-ebba-busch","11":"tag-ellevio","12":"tag-energi-ravaror","13":"tag-energimarknadsinspektionen","14":"tag-energipolitik","15":"tag-featured-news","16":"tag-featurednews","17":"tag-headlines","18":"tag-huvudnyheter","19":"tag-latest-news","20":"tag-latestnews","21":"tag-main-news","22":"tag-mainnews","23":"tag-news","24":"tag-nyheter","25":"tag-rubriker","26":"tag-se","27":"tag-svenska","28":"tag-sverige","29":"tag-sweden","30":"tag-swedish","31":"tag-top-stories","32":"tag-topstories","33":"tag-vattenfall"},"share_on_mastodon":{"url":"https:\/\/pubeurope.com\/@se\/115627296209032796","error":""},"_links":{"self":[{"href":"https:\/\/www.europesays.com\/se\/wp-json\/wp\/v2\/posts\/92101","targetHints":{"allow":["GET"]}}],"collection":[{"href":"https:\/\/www.europesays.com\/se\/wp-json\/wp\/v2\/posts"}],"about":[{"href":"https:\/\/www.europesays.com\/se\/wp-json\/wp\/v2\/types\/post"}],"author":[{"embeddable":true,"href":"https:\/\/www.europesays.com\/se\/wp-json\/wp\/v2\/users\/2"}],"replies":[{"embeddable":true,"href":"https:\/\/www.europesays.com\/se\/wp-json\/wp\/v2\/comments?post=92101"}],"version-history":[{"count":0,"href":"https:\/\/www.europesays.com\/se\/wp-json\/wp\/v2\/posts\/92101\/revisions"}],"wp:featuredmedia":[{"embeddable":true,"href":"https:\/\/www.europesays.com\/se\/wp-json\/wp\/v2\/media\/92102"}],"wp:attachment":[{"href":"https:\/\/www.europesays.com\/se\/wp-json\/wp\/v2\/media?parent=92101"}],"wp:term":[{"taxonomy":"category","embeddable":true,"href":"https:\/\/www.europesays.com\/se\/wp-json\/wp\/v2\/categories?post=92101"},{"taxonomy":"post_tag","embeddable":true,"href":"https:\/\/www.europesays.com\/se\/wp-json\/wp\/v2\/tags?post=92101"}],"curies":[{"name":"wp","href":"https:\/\/api.w.org\/{rel}","templated":true}]}}