{"id":92193,"date":"2025-11-28T14:32:11","date_gmt":"2025-11-28T14:32:11","guid":{"rendered":"https:\/\/www.europesays.com\/se\/92193\/"},"modified":"2025-11-28T14:32:11","modified_gmt":"2025-11-28T14:32:11","slug":"leo-sundqvist-lamnar-ostersund-for-mora-hockeyallsvenskan","status":"publish","type":"post","link":"https:\/\/www.europesays.com\/se\/92193\/","title":{"rendered":"Leo Sundqvist l\u00e4mnar \u00d6stersund f\u00f6r Mora | Hockeyallsvenskan"},"content":{"rendered":"<p>Publicerad 28 nov 2025 kl 14.16Uppdaterad kl 14.50<\/p>\n<p>Mora IK har haft en tydlig strategi de senaste \u00e5ren.<\/p>\n<p>V\u00e4rva unga svenska spelare med stor uppsida.<\/p>\n<p>Nu har man gjort klart med en 20-\u00e5rig back inf\u00f6r n\u00e4sta s\u00e4song i form av Leo Sundqvist, enligt uppgifter till Expressen.<\/p>\n<p><img loading=\"lazy\"   alt=\"\"\/> <\/p>\n<p>Foto: SUVAD MRKONJIC \/ BILDBYR\u00c5N<\/p>\n<p>\u00d6ppna bild i helsk\u00e4rm<img loading=\"lazy\"   alt=\"\"\/> <\/p>\n<p>Foto: JOHAN AXELSSON \/ BILDBYR\u00c5N<\/p>\n<p>\u00d6ppna bild i helsk\u00e4rm<img loading=\"lazy\"   alt=\"\"\/>\u00d6ppna bild i helsk\u00e4rm<\/p>\n<p>S\u00e4songen har inte blivit vad Mora har hoppats p\u00e5. Men man har g\u00e5tt starkt under de senaste omg\u00e5ngarna och har lyckats vinna ett antal matcher p\u00e5 bortaplan.<\/p>\n<p>Sportchef Andreas H\u00e4gglund \u00e4r redan l\u00e5ngt fram inf\u00f6r n\u00e4sta s\u00e4song.<\/p>\n<p><a href=\"https:\/\/hockeynews.se\/nyheter\/avslojar-succespelaren-har-gjort-sitt-val\" rel=\"nofollow noopener\" target=\"_blank\">Hockeynews<\/a> har kunnat ber\u00e4tta att Mikkel \u00d6by-Olsen \u00e4r klar fr\u00e5n Almtuna.<\/p>\n<p>Men H\u00e4gglund har mer p\u00e5 g\u00e5ng.<\/p>\n<p>Enligt uppgifter till Expressen \u00e4r man \u00e4ven \u00f6verens med \u00d6stersunds back Leo Sundqvist f\u00f6r n\u00e4sta s\u00e4song. Det finns dock \u00e4ven intresse fr\u00e5n SHL f\u00f6r Sundqvist, och det \u00e4r det enda kan g\u00f6ra att v\u00e4rvningen stupar. Blir det allsvenskt f\u00f6r Sundqvist, som kom till \u00d6stersund fr\u00e5n Skellefte\u00e5 inf\u00f6r den h\u00e4r s\u00e4songen, s\u00e5 v\u00e4ntar allts\u00e5 spel i <a href=\"https:\/\/www.expressen.se\/tagg\/organization\/mora-ik\/\" class=\"\" rel=\"nofollow noopener\" target=\"_blank\">Mora IK<\/a> s\u00e4songen 26\/27.<\/p>\n","protected":false},"excerpt":{"rendered":"Publicerad 28 nov 2025 kl 14.16Uppdaterad kl 14.50 Mora IK har haft en tydlig strategi de senaste \u00e5ren.&hellip;\n","protected":false},"author":2,"featured_media":92194,"comment_status":"","ping_status":"","sticky":false,"template":"","format":"standard","meta":{"footnotes":""},"categories":[68],"tags":[641,1895,5085,34,130,255,111,110,31,33,32,30],"class_list":{"0":"post-92193","1":"post","2":"type-post","3":"status-publish","4":"format-standard","5":"has-post-thumbnail","7":"category-sport","8":"tag-organization-hockeyallsvenskan","9":"tag-organization-mora-ik","10":"tag-organization-ostersunds-ik","11":"tag-se","12":"tag-sections-allsvenskan","13":"tag-sections-ishockey","14":"tag-sport","15":"tag-sports","16":"tag-svenska","17":"tag-sverige","18":"tag-sweden","19":"tag-swedish"},"share_on_mastodon":{"url":"https:\/\/pubeurope.com\/@se\/115627815355389827","error":""},"_links":{"self":[{"href":"https:\/\/www.europesays.com\/se\/wp-json\/wp\/v2\/posts\/92193","targetHints":{"allow":["GET"]}}],"collection":[{"href":"https:\/\/www.europesays.com\/se\/wp-json\/wp\/v2\/posts"}],"about":[{"href":"https:\/\/www.europesays.com\/se\/wp-json\/wp\/v2\/types\/post"}],"author":[{"embeddable":true,"href":"https:\/\/www.europesays.com\/se\/wp-json\/wp\/v2\/users\/2"}],"replies":[{"embeddable":true,"href":"https:\/\/www.europesays.com\/se\/wp-json\/wp\/v2\/comments?post=92193"}],"version-history":[{"count":0,"href":"https:\/\/www.europesays.com\/se\/wp-json\/wp\/v2\/posts\/92193\/revisions"}],"wp:featuredmedia":[{"embeddable":true,"href":"https:\/\/www.europesays.com\/se\/wp-json\/wp\/v2\/media\/92194"}],"wp:attachment":[{"href":"https:\/\/www.europesays.com\/se\/wp-json\/wp\/v2\/media?parent=92193"}],"wp:term":[{"taxonomy":"category","embeddable":true,"href":"https:\/\/www.europesays.com\/se\/wp-json\/wp\/v2\/categories?post=92193"},{"taxonomy":"post_tag","embeddable":true,"href":"https:\/\/www.europesays.com\/se\/wp-json\/wp\/v2\/tags?post=92193"}],"curies":[{"name":"wp","href":"https:\/\/api.w.org\/{rel}","templated":true}]}}