{"id":92221,"date":"2025-11-28T15:12:17","date_gmt":"2025-11-28T15:12:17","guid":{"rendered":"https:\/\/www.europesays.com\/se\/92221\/"},"modified":"2025-11-28T15:12:17","modified_gmt":"2025-11-28T15:12:17","slug":"burop-i-husqvarna-garden-hv71-krossat-av-orebro-shl","status":"publish","type":"post","link":"https:\/\/www.europesays.com\/se\/92221\/","title":{"rendered":"Burop i Husqvarna Garden \u2022 HV71 krossat av \u00d6rebro | SHL"},"content":{"rendered":"<p>Publicerad 27 nov 2025 kl 19.22Uppdaterad kl 21.47<\/p>\n<p>Platt fall f\u00f6r HV71.\u00a0<\/p>\n<p>I \u00e5ngestm\u00f6tet mot \u00d6rebro tog hemmalaget ledningen \u2013 men d\u00e4refter rasade man ihop.\u00a0<\/p>\n<p>Publiken i J\u00f6nk\u00f6ping svarade med att bua sitt lag.\u00a0<\/p>\n<p>Galen r\u00e4ddning av Enroth<img loading=\"lazy\"   alt=\"\"\/><\/p>\n<p>\u00d6rebros Sampo Ranta jublar.<\/p>\n<p>Foto: DAVID WRELAND \/ BILDBYR\u00c5N<\/p>\n<p>\u00d6ppna bild i helsk\u00e4rm<img loading=\"lazy\"   alt=\"\"\/><\/p>\n<p>Lucas Lagerberg \u00f6ppnade m\u00e5lskyttet i J\u00f6nk\u00f6ping.<\/p>\n<p>Foto: DAVID WRELAND \/ BILDBYR\u00c5N<\/p>\n<p>\u00d6ppna bild i helsk\u00e4rm<img loading=\"lazy\"   alt=\"\"\/> <\/p>\n<p>Foto: DAVID WRELAND \/ BILDBYR\u00c5N<\/p>\n<p>\u00d6ppna bild i helsk\u00e4rm<img loading=\"lazy\"   alt=\"\"\/> <\/p>\n<p>Foto: DAVID WRELAND \/ BILDBYR\u00c5N<\/p>\n<p>\u00d6ppna bild i helsk\u00e4rm<img loading=\"lazy\"   alt=\"\"\/> <\/p>\n<p>Foto: DAVID WRELAND \/ BILDBYR\u00c5N<\/p>\n<p>\u00d6ppna bild i helsk\u00e4rm<img loading=\"lazy\"   alt=\"\"\/> <\/p>\n<p>Foto: FREDRIK KARLSSON \/ BILDBYR\u00c5N<\/p>\n<p>\u00d6ppna bild i helsk\u00e4rm<\/p>\n<p>Det r\u00e5der skadekris i <a href=\"https:\/\/www.expressen.se\/tagg\/organization\/hv71\/\" class=\"\" rel=\"nofollow noopener\" target=\"_blank\">HV71<\/a>. Centrarna Linus Lindstr\u00f6m och Hampus Eriksson \u00e4r inte tillg\u00e4ngliga, samtidigt som Martin Johnsen \u00e4r utl\u00e5nad till AIK.\u00a0<\/p>\n<p>D\u00e4rf\u00f6r tvingades backen Lucas Lagerberg spela center \u2013 och vilken dr\u00f6mstart han fick.\u00a0<\/p>\n<p>Efter elva minuter drev backen mot m\u00e5l och spr\u00e4ckte nollan.\u00a0<\/p>\n<p>Men publiken i Husqvarna Garden fick inte vara glada l\u00e4nge. Innan periodens slut kvitterade Noah Steen, efter ett tveksamt ingripande av m\u00e5lvakten Lassi Lehtinen.\u00a0<\/p>\n<p>S\u00e5gar m\u00e5lvakten<\/p>\n<p>I TV4:s studio s\u00e5gade Sanny Lindstr\u00f6m burv\u00e4ktaren.\u00a0<\/p>\n<p>\u2013 Han har s\u00e4nkt sig sj\u00e4lv, om jag f\u00e5r vara lite elak. Det \u00e4r elitidrott och m\u00e5lvakt \u00e4r det mest utsatta jobbet i hockey. N\u00e4r man sl\u00e4pper l\u00e4tta puckar match efter match efter match s\u00e5 v\u00e4cks fr\u00e5gorna. Lehtinen ser liten ut, s\u00e4ger han.\u00a0<\/p>\n<p>Han vill se ett skifte mellan stolparna d\u00e4r man skickar in Olof Glifford.\u00a0<\/p>\n<p>\u2013 Han har varit fullkomligt fenomenal i Oskarshamn. Det \u00e4r bara stoppa in honom. G\u00e5 med honom till Dichow \u00e4r tillbaka. Det \u00e4r en ickefr\u00e5ga, s\u00e4ger han.\u00a0<\/p>\n<p>Burop i J\u00f6nk\u00f6ping<\/p>\n<p>Den andra perioden skulle bli bortalagets. F\u00f6rsta gjorde Sampo Ranta 2\u20131. D\u00e4refter ut\u00f6kade Egor Polin bortalagets ledning.\u00a0<\/p>\n<p>Publiken var inte n\u00f6jd och svarade med burop, f\u00f6r att sedan l\u00e4mna arenan innan matchens slut.\u00a0<\/p>\n<p>\u2013 Busvisselorkan i Garden, s\u00e4ger TV4-kommentatorn Patrik Westberg.\u00a0<\/p>\n<p>\u00d6rebro vann till slut matchen med 5\u20131 efter att ha varit \u00f6verl\u00e4gset i sista perioden.\u00a0<\/p>\n","protected":false},"excerpt":{"rendered":"Publicerad 27 nov 2025 kl 19.22Uppdaterad kl 21.47 Platt fall f\u00f6r HV71.\u00a0 I \u00e5ngestm\u00f6tet mot \u00d6rebro tog hemmalaget&hellip;\n","protected":false},"author":2,"featured_media":92222,"comment_status":"","ping_status":"","sticky":false,"template":"","format":"standard","meta":{"footnotes":""},"categories":[68],"tags":[1354,2559,34,255,823,111,110,31,33,32,30],"class_list":{"0":"post-92221","1":"post","2":"type-post","3":"status-publish","4":"format-standard","5":"has-post-thumbnail","7":"category-sport","8":"tag-organization-hv71","9":"tag-organization-orebro-hockey","10":"tag-se","11":"tag-sections-ishockey","12":"tag-sections-shl","13":"tag-sport","14":"tag-sports","15":"tag-svenska","16":"tag-sverige","17":"tag-sweden","18":"tag-swedish"},"share_on_mastodon":{"url":"https:\/\/pubeurope.com\/@se\/115627972735149489","error":""},"_links":{"self":[{"href":"https:\/\/www.europesays.com\/se\/wp-json\/wp\/v2\/posts\/92221","targetHints":{"allow":["GET"]}}],"collection":[{"href":"https:\/\/www.europesays.com\/se\/wp-json\/wp\/v2\/posts"}],"about":[{"href":"https:\/\/www.europesays.com\/se\/wp-json\/wp\/v2\/types\/post"}],"author":[{"embeddable":true,"href":"https:\/\/www.europesays.com\/se\/wp-json\/wp\/v2\/users\/2"}],"replies":[{"embeddable":true,"href":"https:\/\/www.europesays.com\/se\/wp-json\/wp\/v2\/comments?post=92221"}],"version-history":[{"count":0,"href":"https:\/\/www.europesays.com\/se\/wp-json\/wp\/v2\/posts\/92221\/revisions"}],"wp:featuredmedia":[{"embeddable":true,"href":"https:\/\/www.europesays.com\/se\/wp-json\/wp\/v2\/media\/92222"}],"wp:attachment":[{"href":"https:\/\/www.europesays.com\/se\/wp-json\/wp\/v2\/media?parent=92221"}],"wp:term":[{"taxonomy":"category","embeddable":true,"href":"https:\/\/www.europesays.com\/se\/wp-json\/wp\/v2\/categories?post=92221"},{"taxonomy":"post_tag","embeddable":true,"href":"https:\/\/www.europesays.com\/se\/wp-json\/wp\/v2\/tags?post=92221"}],"curies":[{"name":"wp","href":"https:\/\/api.w.org\/{rel}","templated":true}]}}