{"id":92251,"date":"2025-11-28T15:47:13","date_gmt":"2025-11-28T15:47:13","guid":{"rendered":"https:\/\/www.europesays.com\/se\/92251\/"},"modified":"2025-11-28T15:47:13","modified_gmt":"2025-11-28T15:47:13","slug":"sa-raddar-du-pengarna-fran-en-ai-bubbla","status":"publish","type":"post","link":"https:\/\/www.europesays.com\/se\/92251\/","title":{"rendered":"S\u00e5 r\u00e4ddar du pengarna fr\u00e5n en AI-bubbla"},"content":{"rendered":"<p>Publicerad 28 nov 2025 kl 11.00<\/p>\n<p>PremiumOrosmolnen kring en m\u00f6jlig AI-bubbla sp\u00f6kar p\u00e5 b\u00f6rsen.<\/p>\n<p>Vad inneb\u00e4r det f\u00f6r ditt sparande om luften g\u00e5r ur h\u00f6gt v\u00e4rderade amerikanska techbolag?<\/p>\n<p> Risken med att bara spara i de hajpade fonderna.<\/p>\n<p> 4 tips f\u00f6r att skapa en krockkudde i din portf\u00f6lj.<\/p>\n<p> S\u00e5 g\u00f6r andra sparare med sina fonder nu.<\/p>\n<p><a href=\"https:\/\/www.expressen.se\/premium\/ekonomi\/\" rel=\"nofollow noopener\" target=\"_blank\">Experttips, unika nyheter och pl\u00e5nboksfr\u00e5gor \u2013 mer Premium Ekonomi hittar du h\u00e4r!<\/a><\/p>\n<p><img   alt=\"\"\/><\/p>\n<p>N\u00e4ra h\u00e4lften av professionella investerare tror att det finns en AI-bubbla.<\/p>\n<p>Foto: zignal_88 \/ Shutterstock<\/p>\n<p>\u00d6ppna bild i helsk\u00e4rm<img loading=\"lazy\"   alt=\"\"\/>\u00d6ppna bild i helsk\u00e4rm<\/p>\n","protected":false},"excerpt":{"rendered":"Publicerad 28 nov 2025 kl 11.00 PremiumOrosmolnen kring en m\u00f6jlig AI-bubbla sp\u00f6kar p\u00e5 b\u00f6rsen. Vad inneb\u00e4r det f\u00f6r&hellip;\n","protected":false},"author":2,"featured_media":92252,"comment_status":"","ping_status":"","sticky":false,"template":"","format":"standard","meta":{"footnotes":""},"categories":[65],"tags":[72,70,71,1261,10652,10651,4173,103,34,607,31,33,32,30,3985,1061],"class_list":{"0":"post-92251","1":"post","2":"type-post","3":"status-publish","4":"format-standard","5":"has-post-thumbnail","7":"category-ekonomi","8":"tag-business","9":"tag-economy","10":"tag-ekonomi","11":"tag-organization-avanza","12":"tag-organization-danske-bank","13":"tag-organization-nordnet","14":"tag-organization-stockholmsborsen","15":"tag-premium","16":"tag-se","17":"tag-sections-konsument","18":"tag-svenska","19":"tag-sverige","20":"tag-sweden","21":"tag-swedish","22":"tag-topic-aktietips","23":"tag-topic-spartips"},"share_on_mastodon":{"url":"https:\/\/pubeurope.com\/@se\/115628110226251411","error":""},"_links":{"self":[{"href":"https:\/\/www.europesays.com\/se\/wp-json\/wp\/v2\/posts\/92251","targetHints":{"allow":["GET"]}}],"collection":[{"href":"https:\/\/www.europesays.com\/se\/wp-json\/wp\/v2\/posts"}],"about":[{"href":"https:\/\/www.europesays.com\/se\/wp-json\/wp\/v2\/types\/post"}],"author":[{"embeddable":true,"href":"https:\/\/www.europesays.com\/se\/wp-json\/wp\/v2\/users\/2"}],"replies":[{"embeddable":true,"href":"https:\/\/www.europesays.com\/se\/wp-json\/wp\/v2\/comments?post=92251"}],"version-history":[{"count":0,"href":"https:\/\/www.europesays.com\/se\/wp-json\/wp\/v2\/posts\/92251\/revisions"}],"wp:featuredmedia":[{"embeddable":true,"href":"https:\/\/www.europesays.com\/se\/wp-json\/wp\/v2\/media\/92252"}],"wp:attachment":[{"href":"https:\/\/www.europesays.com\/se\/wp-json\/wp\/v2\/media?parent=92251"}],"wp:term":[{"taxonomy":"category","embeddable":true,"href":"https:\/\/www.europesays.com\/se\/wp-json\/wp\/v2\/categories?post=92251"},{"taxonomy":"post_tag","embeddable":true,"href":"https:\/\/www.europesays.com\/se\/wp-json\/wp\/v2\/tags?post=92251"}],"curies":[{"name":"wp","href":"https:\/\/api.w.org\/{rel}","templated":true}]}}