{"id":92261,"date":"2025-11-28T16:02:10","date_gmt":"2025-11-28T16:02:10","guid":{"rendered":"https:\/\/www.europesays.com\/se\/92261\/"},"modified":"2025-11-28T16:02:10","modified_gmt":"2025-11-28T16:02:10","slug":"google-stryper-gratisanvandares-tillgang-till-gemini-3-pro","status":"publish","type":"post","link":"https:\/\/www.europesays.com\/se\/92261\/","title":{"rendered":"Google stryper gratisanv\u00e4ndares tillg\u00e5ng till Gemini 3 Pro"},"content":{"rendered":"<p>Det verkar som att Googles nya AI-modell <a href=\"https:\/\/www.pcforalla.se\/article\/2976535\/google-lanserar-nasta-generation-av-sin-ai-modell-gemini-3.html\" rel=\"nofollow noopener\" target=\"_blank\">Gemini 3 Pro<\/a> har blivit riktigt popul\u00e4r i f\u00f6retagets chattrobot. S\u00e5 pass popul\u00e4r att f\u00f6retaget nu har f\u00e5tt strypa gratisanv\u00e4ndares tillg\u00e5ng till den nya AI-modellen, <a href=\"https:\/\/idg.digidip.net\/visit?url=https:\/\/9to5google.com\/2025\/11\/27\/gemini-3-pro-free-limits\/&amp;currurl=https:\/\/www.pcforalla.se\/article\/2992205\/google-stryper-tillgangen-till-gemini-3-pro-for-gratisanvandare.html&amp;ref=8-1-2992205-1-0-0-0-0\" target=\"_blank\" rel=\"nofollow noopener\" data-subtag=\"8-1-2992205-1-0-0-0-0\" data-domain-name=\"9to5google\">rapporterar 9to5Google<\/a>.<\/p>\n<p><strong>L\u00e4s \u00e4ven:\u00a0<a href=\"https:\/\/www.pcforalla.se\/article\/2985569\/ai-ska-integreras-i-googles-nya-operativsystem-aluminium.html\" rel=\"nofollow noopener\" target=\"_blank\">AI ska integreras i Googles nya operativsystem Aluminium<\/a><\/strong><\/p>\n<p><img decoding=\"async\" data-wp-class--hide=\"state.isContentHidden\" data-wp-class--show=\"state.isContentVisible\" data-wp-init=\"callbacks.setButtonStyles\" data-wp-on-async--click=\"actions.showLightbox\" data-wp-on-async--load=\"callbacks.setButtonStyles\" data-wp-on-async-window--resize=\"callbacks.setButtonStyles\" src=\"https:\/\/www.europesays.com\/se\/wp-content\/uploads\/2025\/11\/Skarmbild-2025-11-28-134057.png\" alt=\"Google Gemini access subscription tiers\" class=\"wp-image-2992220\"  width=\"710\" height=\"251\"  loading=\"lazy\"\/><\/p>\n<p class=\"imageCredit\">Google<\/p>\n<p>Innan Gemini 3 lanserades, fick gratisanv\u00e4ndare skicka <a href=\"https:\/\/www.pcforalla.se\/article\/2901875\/sa-mycket-kan-du-anvanda-chattroboten-gemini-gratis.html\" rel=\"nofollow noopener\" target=\"_blank\">fem f\u00f6rfr\u00e5gningar om dagen<\/a> till den d\u00e5 mest avancerade modellen Gemini 2.5 Pro. P\u00e5 Googles <a href=\"https:\/\/idg.digidip.net\/visit?url=https:\/\/support.google.com\/gemini\/answer\/16275805#zippy=&amp;currurl=https:\/\/www.pcforalla.se\/article\/2992205\/google-stryper-tillgangen-till-gemini-3-pro-for-gratisanvandare.html&amp;ref=8-1-2992205-1-0-0-0-0\" target=\"_blank\" rel=\"nofollow noopener\" data-subtag=\"8-1-2992205-1-0-0-0-0\" data-domain-name=\"google\">supportsida<\/a> st\u00e5r det dock nu bara att gratisanv\u00e4ndare kommer ha grundl\u00e4ggande tillg\u00e5ng till Gemini 3 Pro. Ig\u00e5r ska det \u00e4ven ha st\u00e5tt att de dagliga gr\u00e4nserna kan komma att justeras frekvent, men den meningen har nu plockats bort.<\/p>\n<p>Google har nyligen \u00e4ven lanserat sitt billigaste AI-abonnemang, <a href=\"https:\/\/www.pcforalla.se\/article\/2904892\/google-ai-plus.html\" rel=\"nofollow noopener\" target=\"_blank\">Google AI Plus<\/a>, h\u00e4r i Sverige och resten av Europa. Google AI Plus-prenumeranter ska f\u00e5 upp till fem g\u00e5nger s\u00e5 mycket tillg\u00e5ng till Gemini 3 Pro som gratisanv\u00e4ndarna. Ett Google AI Plus-abonnemang kostar 85 kronor i m\u00e5naden.<\/p>\n","protected":false},"excerpt":{"rendered":"Det verkar som att Googles nya AI-modell Gemini 3 Pro har blivit riktigt popul\u00e4r i f\u00f6retagets chattrobot. S\u00e5&hellip;\n","protected":false},"author":2,"featured_media":92262,"comment_status":"","ping_status":"","sticky":false,"template":"","format":"standard","meta":{"footnotes":""},"categories":[66],"tags":[80,78,79,34,31,33,32,30,81,84,83,82],"class_list":{"0":"post-92261","1":"post","2":"type-post","3":"status-publish","4":"format-standard","5":"has-post-thumbnail","7":"category-vetenskap-och-teknik","8":"tag-science","9":"tag-science-and-technology","10":"tag-scienceandtechnology","11":"tag-se","12":"tag-svenska","13":"tag-sverige","14":"tag-sweden","15":"tag-swedish","16":"tag-technology","17":"tag-teknik","18":"tag-vetenskap","19":"tag-vetenskapteknik"},"share_on_mastodon":{"url":"https:\/\/pubeurope.com\/@se\/115628169321576970","error":""},"_links":{"self":[{"href":"https:\/\/www.europesays.com\/se\/wp-json\/wp\/v2\/posts\/92261","targetHints":{"allow":["GET"]}}],"collection":[{"href":"https:\/\/www.europesays.com\/se\/wp-json\/wp\/v2\/posts"}],"about":[{"href":"https:\/\/www.europesays.com\/se\/wp-json\/wp\/v2\/types\/post"}],"author":[{"embeddable":true,"href":"https:\/\/www.europesays.com\/se\/wp-json\/wp\/v2\/users\/2"}],"replies":[{"embeddable":true,"href":"https:\/\/www.europesays.com\/se\/wp-json\/wp\/v2\/comments?post=92261"}],"version-history":[{"count":0,"href":"https:\/\/www.europesays.com\/se\/wp-json\/wp\/v2\/posts\/92261\/revisions"}],"wp:featuredmedia":[{"embeddable":true,"href":"https:\/\/www.europesays.com\/se\/wp-json\/wp\/v2\/media\/92262"}],"wp:attachment":[{"href":"https:\/\/www.europesays.com\/se\/wp-json\/wp\/v2\/media?parent=92261"}],"wp:term":[{"taxonomy":"category","embeddable":true,"href":"https:\/\/www.europesays.com\/se\/wp-json\/wp\/v2\/categories?post=92261"},{"taxonomy":"post_tag","embeddable":true,"href":"https:\/\/www.europesays.com\/se\/wp-json\/wp\/v2\/tags?post=92261"}],"curies":[{"name":"wp","href":"https:\/\/api.w.org\/{rel}","templated":true}]}}