{"id":92266,"date":"2025-11-28T16:12:09","date_gmt":"2025-11-28T16:12:09","guid":{"rendered":"https:\/\/www.europesays.com\/se\/92266\/"},"modified":"2025-11-28T16:12:09","modified_gmt":"2025-11-28T16:12:09","slug":"flera-fordon-i-krock-pa-klarastrandsleden-tva-till-sjukhus","status":"publish","type":"post","link":"https:\/\/www.europesays.com\/se\/92266\/","title":{"rendered":"Flera fordon i krock p\u00e5 Klarastrandsleden \u2013 tv\u00e5 till sjukhus"},"content":{"rendered":"<p>Olyckan intr\u00e4ffade vid 16-tiden och r\u00e4ddningstj\u00e4nsten bed\u00f6mer sig vara kvar till klockan 17 f\u00f6r att sanera v\u00e4gbanan. V\u00e4gen \u00e4r fortsatt helt avst\u00e4ngd vid 16:30. <\/p>\n<p>Enligt SOS Alarm r\u00f6r det sig om en krock med en buss och fyra personbilar. Tv\u00e5 personer har f\u00e5tt \u00e5ka till sjukhus och det \u00e4r ambulanser kvar p\u00e5 platsen.<\/p>\n<p>\u2013 Det kan bli fler som beh\u00f6ver s\u00f6ka sjukv\u00e5rd, s\u00e4ger Ola Nilsson, teamledare p\u00e5 SOS Alarm.<\/p>\n<p>Texten uppdateras<\/p>\n","protected":false},"excerpt":{"rendered":"Olyckan intr\u00e4ffade vid 16-tiden och r\u00e4ddningstj\u00e4nsten bed\u00f6mer sig vara kvar till klockan 17 f\u00f6r att sanera v\u00e4gbanan. V\u00e4gen&hellip;\n","protected":false},"author":2,"featured_media":793,"comment_status":"","ping_status":"","sticky":false,"template":"","format":"standard","meta":{"footnotes":""},"categories":[14],"tags":[22,23,26,27,17,21,24,25,28,29,15,16,18,34,31,33,32,30,19,20,51,52,53,54],"class_list":{"0":"post-92266","1":"post","2":"type-post","3":"status-publish","4":"format-standard","5":"has-post-thumbnail","7":"category-varlden","8":"tag-breaking-news","9":"tag-breakingnews","10":"tag-featured-news","11":"tag-featurednews","12":"tag-headlines","13":"tag-huvudnyheter","14":"tag-latest-news","15":"tag-latestnews","16":"tag-main-news","17":"tag-mainnews","18":"tag-news","19":"tag-nyheter","20":"tag-rubriker","21":"tag-se","22":"tag-svenska","23":"tag-sverige","24":"tag-sweden","25":"tag-swedish","26":"tag-top-stories","27":"tag-topstories","28":"tag-varlden","29":"tag-world","30":"tag-world-news","31":"tag-worldnews"},"share_on_mastodon":{"url":"https:\/\/pubeurope.com\/@se\/115628208479267580","error":""},"_links":{"self":[{"href":"https:\/\/www.europesays.com\/se\/wp-json\/wp\/v2\/posts\/92266","targetHints":{"allow":["GET"]}}],"collection":[{"href":"https:\/\/www.europesays.com\/se\/wp-json\/wp\/v2\/posts"}],"about":[{"href":"https:\/\/www.europesays.com\/se\/wp-json\/wp\/v2\/types\/post"}],"author":[{"embeddable":true,"href":"https:\/\/www.europesays.com\/se\/wp-json\/wp\/v2\/users\/2"}],"replies":[{"embeddable":true,"href":"https:\/\/www.europesays.com\/se\/wp-json\/wp\/v2\/comments?post=92266"}],"version-history":[{"count":0,"href":"https:\/\/www.europesays.com\/se\/wp-json\/wp\/v2\/posts\/92266\/revisions"}],"wp:featuredmedia":[{"embeddable":true,"href":"https:\/\/www.europesays.com\/se\/wp-json\/wp\/v2\/media\/793"}],"wp:attachment":[{"href":"https:\/\/www.europesays.com\/se\/wp-json\/wp\/v2\/media?parent=92266"}],"wp:term":[{"taxonomy":"category","embeddable":true,"href":"https:\/\/www.europesays.com\/se\/wp-json\/wp\/v2\/categories?post=92266"},{"taxonomy":"post_tag","embeddable":true,"href":"https:\/\/www.europesays.com\/se\/wp-json\/wp\/v2\/tags?post=92266"}],"curies":[{"name":"wp","href":"https:\/\/api.w.org\/{rel}","templated":true}]}}