{"id":92294,"date":"2025-11-28T16:45:10","date_gmt":"2025-11-28T16:45:10","guid":{"rendered":"https:\/\/www.europesays.com\/se\/92294\/"},"modified":"2025-11-28T16:45:10","modified_gmt":"2025-11-28T16:45:10","slug":"gripen-kan-falla-rysslands-vapenexport-och-orsaka-finanskris","status":"publish","type":"post","link":"https:\/\/www.europesays.com\/se\/92294\/","title":{"rendered":"Gripen kan f\u00e4lla Rysslands vapenexport och orsaka finanskris"},"content":{"rendered":"<p>Saabs stridsflyg Gripen kan bli en nyckel till att l\u00e4gga krokben f\u00f6r rysk vapenexport och knuffa Ryssland n\u00e4rmare en finanskris.<\/p>\n<p>\u201dJag tror att Sverige \u00e4r ett av de viktigaste l\u00e4nderna i Nato f\u00f6r att utnyttja den m\u00f6jligheten\u201d, s\u00e4ger Jack Watling p\u00e5 tunga brittiska tankesmedjan Royal United Services Institute.<\/p>\n<p><strong class=\"global-xxs-bold\">Uppdaterad:<\/strong> 28 november 2025, 10:34<strong class=\"global-xxs-bold\">Publicerad:<\/strong> 28 november 2025, 09:25<\/p>\n<p>Spara<\/p>\n","protected":false},"excerpt":{"rendered":"Saabs stridsflyg Gripen kan bli en nyckel till att l\u00e4gga krokben f\u00f6r rysk vapenexport och knuffa Ryssland n\u00e4rmare&hellip;\n","protected":false},"author":2,"featured_media":92295,"comment_status":"","ping_status":"","sticky":false,"template":"","format":"standard","meta":{"footnotes":""},"categories":[14],"tags":[22,23,26,27,17,21,24,25,28,29,15,16,18,34,31,33,32,30,19,20,51,52,53,54],"class_list":{"0":"post-92294","1":"post","2":"type-post","3":"status-publish","4":"format-standard","5":"has-post-thumbnail","7":"category-varlden","8":"tag-breaking-news","9":"tag-breakingnews","10":"tag-featured-news","11":"tag-featurednews","12":"tag-headlines","13":"tag-huvudnyheter","14":"tag-latest-news","15":"tag-latestnews","16":"tag-main-news","17":"tag-mainnews","18":"tag-news","19":"tag-nyheter","20":"tag-rubriker","21":"tag-se","22":"tag-svenska","23":"tag-sverige","24":"tag-sweden","25":"tag-swedish","26":"tag-top-stories","27":"tag-topstories","28":"tag-varlden","29":"tag-world","30":"tag-world-news","31":"tag-worldnews"},"share_on_mastodon":{"url":"https:\/\/pubeurope.com\/@se\/115628338321533119","error":""},"_links":{"self":[{"href":"https:\/\/www.europesays.com\/se\/wp-json\/wp\/v2\/posts\/92294","targetHints":{"allow":["GET"]}}],"collection":[{"href":"https:\/\/www.europesays.com\/se\/wp-json\/wp\/v2\/posts"}],"about":[{"href":"https:\/\/www.europesays.com\/se\/wp-json\/wp\/v2\/types\/post"}],"author":[{"embeddable":true,"href":"https:\/\/www.europesays.com\/se\/wp-json\/wp\/v2\/users\/2"}],"replies":[{"embeddable":true,"href":"https:\/\/www.europesays.com\/se\/wp-json\/wp\/v2\/comments?post=92294"}],"version-history":[{"count":0,"href":"https:\/\/www.europesays.com\/se\/wp-json\/wp\/v2\/posts\/92294\/revisions"}],"wp:featuredmedia":[{"embeddable":true,"href":"https:\/\/www.europesays.com\/se\/wp-json\/wp\/v2\/media\/92295"}],"wp:attachment":[{"href":"https:\/\/www.europesays.com\/se\/wp-json\/wp\/v2\/media?parent=92294"}],"wp:term":[{"taxonomy":"category","embeddable":true,"href":"https:\/\/www.europesays.com\/se\/wp-json\/wp\/v2\/categories?post=92294"},{"taxonomy":"post_tag","embeddable":true,"href":"https:\/\/www.europesays.com\/se\/wp-json\/wp\/v2\/tags?post=92294"}],"curies":[{"name":"wp","href":"https:\/\/api.w.org\/{rel}","templated":true}]}}