{"id":92299,"date":"2025-11-28T16:55:14","date_gmt":"2025-11-28T16:55:14","guid":{"rendered":"https:\/\/www.europesays.com\/se\/92299\/"},"modified":"2025-11-28T16:55:14","modified_gmt":"2025-11-28T16:55:14","slug":"regeringen-vill-narkotikaklassa-rod-flugsvamp","status":"publish","type":"post","link":"https:\/\/www.europesays.com\/se\/92299\/","title":{"rendered":"Regeringen vill narkotikaklassa r\u00f6d flugsvamp"},"content":{"rendered":"<p>Publicerad 28 nov 2025 kl 11.41Uppdaterad kl 12.55<\/p>\n<p>Regeringen vill att r\u00f6d flugsvamp, eller snarare substansen muskimol, som finns i svampen, ska narkotikaklassat.<\/p>\n<p>Senaste nyhetsklippen fr\u00e5n Expressen.<img   alt=\"\"\/><\/p>\n<p>Regeringen vill narkotikaklassa substansen muskimol som  finns i r\u00f6d flugsvamp.<\/p>\n<p>Foto: PATRIK C \u00d6STERBERG \/ IBL<\/p>\n<p>\u00d6ppna bild i helsk\u00e4rm<\/p>\n<p>Muskimol f\u00f6rekommer i exempelvis godis och e-cigaretter och kan leda till allvarliga f\u00f6rgiftningar.\u00a0<\/p>\n<p>Folkh\u00e4lsomyndigheten har redan tidigare velat f\u00e5 substansen narkotikaklassad och regeringens f\u00f6rslag bygger p\u00e5 myndighetens underlag.<\/p>\n<p><a href=\"https:\/\/www.expressen.se\/tagg\/organization\/regeringen\/\" class=\"\" rel=\"nofollow noopener\" target=\"_blank\">Regeringen<\/a> f\u00f6resl\u00e5r att totalt tio oreglerade substanser ska klassificeras som narkotika.<\/p>\n<p>\u201dKlassificeringen \u00e4r ett n\u00f6dv\u00e4ndigt steg f\u00f6r att minska riskerna och v\u00e4rna folkh\u00e4lsan\u201d, s\u00e4ger sjukv\u00e5rdsminister Elisabet Lann (KD) i ett pressmeddelande.<\/p>\n<p>Kan orsaka f\u00f6rgiftning<\/p>\n<p>Bland substanserna finns \u00e4ven bland annat tv\u00e5 syntetiska \u00e4mnen som liknar mitragynin, en komponent i v\u00e4xten kratom. Substanserna f\u00f6rknippas med h\u00f6g beroenderisk och kan orsaka sv\u00e5ra f\u00f6rgiftningar.<\/p>\n<p>Om substanserna narkotikaklassas f\u00e5r de inte importeras eller innehas utan s\u00e4rskilt tillst\u00e5nd fr\u00e5n L\u00e4kemedelsverket.<\/p>\n","protected":false},"excerpt":{"rendered":"Publicerad 28 nov 2025 kl 11.41Uppdaterad kl 12.55 Regeringen vill att r\u00f6d flugsvamp, eller snarare substansen muskimol, som&hellip;\n","protected":false},"author":2,"featured_media":92300,"comment_status":"","ping_status":"","sticky":false,"template":"","format":"standard","meta":{"footnotes":""},"categories":[5],"tags":[22,23,26,27,17,21,24,25,28,29,15,16,1892,43,3214,18,34,154,31,33,32,30,19,527,4699,20],"class_list":{"0":"post-92299","1":"post","2":"type-post","3":"status-publish","4":"format-standard","5":"has-post-thumbnail","7":"category-rubriker","8":"tag-breaking-news","9":"tag-breakingnews","10":"tag-featured-news","11":"tag-featurednews","12":"tag-headlines","13":"tag-huvudnyheter","14":"tag-latest-news","15":"tag-latestnews","16":"tag-main-news","17":"tag-mainnews","18":"tag-news","19":"tag-nyheter","20":"tag-organization-folkhalsomyndigheten","21":"tag-organization-regeringen","22":"tag-person-elisabet-lann","23":"tag-rubriker","24":"tag-se","25":"tag-sections-sverige","26":"tag-svenska","27":"tag-sverige","28":"tag-sweden","29":"tag-swedish","30":"tag-top-stories","31":"tag-topic-djur-natur","32":"tag-topic-narkotika","33":"tag-topstories"},"share_on_mastodon":{"url":"https:\/\/pubeurope.com\/@se\/115628377593458087","error":""},"_links":{"self":[{"href":"https:\/\/www.europesays.com\/se\/wp-json\/wp\/v2\/posts\/92299","targetHints":{"allow":["GET"]}}],"collection":[{"href":"https:\/\/www.europesays.com\/se\/wp-json\/wp\/v2\/posts"}],"about":[{"href":"https:\/\/www.europesays.com\/se\/wp-json\/wp\/v2\/types\/post"}],"author":[{"embeddable":true,"href":"https:\/\/www.europesays.com\/se\/wp-json\/wp\/v2\/users\/2"}],"replies":[{"embeddable":true,"href":"https:\/\/www.europesays.com\/se\/wp-json\/wp\/v2\/comments?post=92299"}],"version-history":[{"count":0,"href":"https:\/\/www.europesays.com\/se\/wp-json\/wp\/v2\/posts\/92299\/revisions"}],"wp:featuredmedia":[{"embeddable":true,"href":"https:\/\/www.europesays.com\/se\/wp-json\/wp\/v2\/media\/92300"}],"wp:attachment":[{"href":"https:\/\/www.europesays.com\/se\/wp-json\/wp\/v2\/media?parent=92299"}],"wp:term":[{"taxonomy":"category","embeddable":true,"href":"https:\/\/www.europesays.com\/se\/wp-json\/wp\/v2\/categories?post=92299"},{"taxonomy":"post_tag","embeddable":true,"href":"https:\/\/www.europesays.com\/se\/wp-json\/wp\/v2\/tags?post=92299"}],"curies":[{"name":"wp","href":"https:\/\/api.w.org\/{rel}","templated":true}]}}