{"id":92312,"date":"2025-11-28T17:19:21","date_gmt":"2025-11-28T17:19:21","guid":{"rendered":"https:\/\/www.europesays.com\/se\/92312\/"},"modified":"2025-11-28T17:19:21","modified_gmt":"2025-11-28T17:19:21","slug":"orban-besokte-moskva-lovar-att-kopa-mer-olja","status":"publish","type":"post","link":"https:\/\/www.europesays.com\/se\/92312\/","title":{"rendered":"Orb\u00e1n bes\u00f6kte Moskva \u2013 lovar att k\u00f6pa mer olja"},"content":{"rendered":"<p>P\u00e5 fredagen bes\u00f6kte Ungerns premi\u00e4rminister Viktor Orb\u00e1n Moskva. D\u00e4r tr\u00e4ffade han Vladimir Putin, som ber\u00f6mde hans ryskv\u00e4nliga politik.<\/p>\n<p>\u2013 Vi \u00e4r medvetna om din balanserade h\u00e5llning vad g\u00e4ller situationen i Ukraina, sa Putin enligt statlig tv.<\/p>\n<p>Orb\u00e1n lovade ocks\u00e5 Putin att forts\u00e4tta k\u00f6pa rysk olja, skriver AFP.<\/p>\n<p>Putin lovordade att Orb\u00e1n f\u00f6reslagit ett m\u00f6te mellan Rysslands och USA:s regeringar i Budapest. Det planerade m\u00f6tet st\u00e4lldes in av Trump efter att Ryssland v\u00e4grat kompromissa i fredsf\u00f6rhandlingarna.<\/p>\n<p>Ungern \u00e4r beroende av rysk olja, och Orb\u00e1n har genomg\u00e5ende h\u00e5llit sig v\u00e4l med Kreml under kriget. F\u00f6rra m\u00e5naden s\u00e4krade han ett undantag fr\u00e5n USA:s sanktioner p\u00e5 rysk olja.<\/p>\n<p>Omni \u00e4r politiskt obundna och oberoende. Vi str\u00e4var efter att ge fler perspektiv p\u00e5 nyheterna. Har du fr\u00e5gor eller synpunkter kring v\u00e5r rapportering? <a href=\"https:\/\/omni.se\/orban-besokte-moskva-lovar-att-kopa-mer-olja\/a\/mailto:redaktion@omni.se\" class=\"ArticleActions_contactLink__W2F1M\" rel=\"nofollow noopener\" target=\"_blank\">Kontakta redaktionen<\/a><\/p>\n","protected":false},"excerpt":{"rendered":"P\u00e5 fredagen bes\u00f6kte Ungerns premi\u00e4rminister Viktor Orb\u00e1n Moskva. D\u00e4r tr\u00e4ffade han Vladimir Putin, som ber\u00f6mde hans ryskv\u00e4nliga politik.&hellip;\n","protected":false},"author":2,"featured_media":92313,"comment_status":"","ping_status":"","sticky":false,"template":"","format":"standard","meta":{"footnotes":""},"categories":[5],"tags":[22,23,267,26,27,17,21,24,25,28,29,15,268,16,18,269,264,34,31,33,32,30,19,20,263,1318,74,1317,261],"class_list":{"0":"post-92312","1":"post","2":"type-post","3":"status-publish","4":"format-standard","5":"has-post-thumbnail","7":"category-rubriker","8":"tag-breaking-news","9":"tag-breakingnews","10":"tag-europa","11":"tag-featured-news","12":"tag-featurednews","13":"tag-headlines","14":"tag-huvudnyheter","15":"tag-latest-news","16":"tag-latestnews","17":"tag-main-news","18":"tag-mainnews","19":"tag-news","20":"tag-nordamerika","21":"tag-nyheter","22":"tag-rubriker","23":"tag-ryska-invasionen","24":"tag-ryssland","25":"tag-se","26":"tag-svenska","27":"tag-sverige","28":"tag-sweden","29":"tag-swedish","30":"tag-top-stories","31":"tag-topstories","32":"tag-ukraina","33":"tag-ungern","34":"tag-usa","35":"tag-viktor-orban","36":"tag-vladimir-putin"},"share_on_mastodon":{"url":"https:\/\/pubeurope.com\/@se\/115628471991417130","error":""},"_links":{"self":[{"href":"https:\/\/www.europesays.com\/se\/wp-json\/wp\/v2\/posts\/92312","targetHints":{"allow":["GET"]}}],"collection":[{"href":"https:\/\/www.europesays.com\/se\/wp-json\/wp\/v2\/posts"}],"about":[{"href":"https:\/\/www.europesays.com\/se\/wp-json\/wp\/v2\/types\/post"}],"author":[{"embeddable":true,"href":"https:\/\/www.europesays.com\/se\/wp-json\/wp\/v2\/users\/2"}],"replies":[{"embeddable":true,"href":"https:\/\/www.europesays.com\/se\/wp-json\/wp\/v2\/comments?post=92312"}],"version-history":[{"count":0,"href":"https:\/\/www.europesays.com\/se\/wp-json\/wp\/v2\/posts\/92312\/revisions"}],"wp:featuredmedia":[{"embeddable":true,"href":"https:\/\/www.europesays.com\/se\/wp-json\/wp\/v2\/media\/92313"}],"wp:attachment":[{"href":"https:\/\/www.europesays.com\/se\/wp-json\/wp\/v2\/media?parent=92312"}],"wp:term":[{"taxonomy":"category","embeddable":true,"href":"https:\/\/www.europesays.com\/se\/wp-json\/wp\/v2\/categories?post=92312"},{"taxonomy":"post_tag","embeddable":true,"href":"https:\/\/www.europesays.com\/se\/wp-json\/wp\/v2\/tags?post=92312"}],"curies":[{"name":"wp","href":"https:\/\/api.w.org\/{rel}","templated":true}]}}