{"id":92318,"date":"2025-11-28T17:32:08","date_gmt":"2025-11-28T17:32:08","guid":{"rendered":"https:\/\/www.europesays.com\/se\/92318\/"},"modified":"2025-11-28T17:32:08","modified_gmt":"2025-11-28T17:32:08","slug":"aladdin-har-blivit-mindre-och-fyra-smaker-forsvunnit","status":"publish","type":"post","link":"https:\/\/www.europesays.com\/se\/92318\/","title":{"rendered":"Aladdin har blivit mindre \u2013 och fyra smaker f\u00f6rsvunnit"},"content":{"rendered":"<p>Publicerad 28 nov 2025 kl 18.13<\/p>\n<p>H\u00f6gtiden f\u00f6r Aladdinasken n\u00e4rmar sig.<\/p>\n<p>Och i \u00e5r har julfavoriten krympt b\u00e5de i storlek och i antalet praliner.<\/p>\n<p>Dessutom har choklad generellt blivit betydligt dyrare.<\/p>\n<p>\u2013 Man f\u00e5r k\u00f6pa p\u00e5 kampanj, s\u00e4ger Ulf Mazur p\u00e5 Matpriskollen.<\/p>\n<p><img   alt=\"\"\/><\/p>\n<p>S\u00e5 h\u00e4r ser den nya, mindre Aladdinasken ut.<\/p>\n<p>Foto: Mondel\u0113z<\/p>\n<p>\u00d6ppna bild i helsk\u00e4rm<\/p>\n<p>Det var f\u00f6r fyra \u00e5r sen som matpriserna b\u00f6rjade stiga drastiskt. Och Aladdinasken \u00e4r inget undantag.<\/p>\n<p>Ulf Mazur, grundare av och vd p\u00e5 j\u00e4mf\u00f6relsesajten Matpriskollen, s\u00e4ger att julfavoriten inf\u00f6r julen 2021 kostade i snitt 69\u201375 kronor.<\/p>\n<p>I fjol hade den g\u00e5tt upp till 99\u2013125 kronor.<\/p>\n<p>Mindre Aladdinask \u2013 och f\u00e4rre praliner<\/p>\n<p>Nu n\u00e4r \u00e5rets julhandel har dragit i g\u00e5ng ligger priset p\u00e5 ungef\u00e4r detsamma som i fjol. Men d\u00e5 har asken ocks\u00e5 blivit mindre.<\/p>\n<p>Aladdin v\u00e4gde tidigare 500 gram men har i \u00e5r <a href=\"http:\/\/alltommat.expressen.se\/artiklar\/marabou-gor-om-sina-chokladkakor-blir-mindre\/\" rel=\"nofollow noopener\" target=\"_blank\">krympt till 410 gram<\/a>. Den har ocks\u00e5 <a href=\"https:\/\/alltommat.expressen.se\/artiklar\/har-ar-arets-nyheter-i-aladdin-asken-och-pralinerna-som-forsvinner\/\" rel=\"nofollow noopener\" target=\"_blank\">g\u00e5tt fr\u00e5n 50 till 42 praliner, och fyra smaker har f\u00f6rsvunnit<\/a>: jordgubbskrisp, apelsinkanel, h\u00f6stnougat och romrussin.<\/p>\n<p>D\u00e4remot har dr\u00f6mkrisp och vaniljfudge tillkommit.<\/p>\n<p>Ser man till j\u00e4mf\u00f6rspriset har det dock inte blivit j\u00e4ttestor skillnad sen \u00e4garen Mondel\u0113z bytte de st\u00f6rre askarna mot de mindre tidigare i \u00e5r, enligt Ulf Mazur.<\/p>\n<p>\u2013 Det beror p\u00e5 i vilken butik man handlar. Det kan b\u00e5de ha blivit lite billigare per bit eller lite dyrare per bit, s\u00e4ger han.<\/p>\n<p>Dyrare choklad p\u00e5 v\u00e4rldsmarknaden<\/p>\n<p>Men j\u00e4mf\u00f6r man l\u00e4ngre tillbaka har choklad, generellt, stigit kraftigt i pris. Det \u00e4r p\u00e5 grund av att <a href=\"https:\/\/www.expressen.se\/ekonomi\/privatekonomi\/rekorddyr-kakao-under-2024-ger-dyrare-choklad\/\" rel=\"nofollow noopener\" target=\"_blank\">v\u00e4rldsmarknadspriset f\u00f6r kakao stack i\u00a0v\u00e4g f\u00f6rra \u00e5ret<\/a>.<\/p>\n<p>\u2013 Det vi ser i askarna \u00e4r en avspegling av de priser som var p\u00e5 kakao f\u00f6rra vintern. D\u00e5 kostade det runt 120 kronor kilo. Nu \u00e4r priserna nere p\u00e5 runt 50 kronor kilot, s\u00e4ger Ulf Mazur.<\/p>\n<p><strong>Betyder det att choklad kommer att bli billigare l\u00e4ngre fram?<\/strong><\/p>\n<p>\u2013 Jag hoppas det. Men det \u00e4r l\u00e5nga ledtider.<\/p>\n","protected":false},"excerpt":{"rendered":"Publicerad 28 nov 2025 kl 18.13 H\u00f6gtiden f\u00f6r Aladdinasken n\u00e4rmar sig. Och i \u00e5r har julfavoriten krympt b\u00e5de&hellip;\n","protected":false},"author":2,"featured_media":92319,"comment_status":"","ping_status":"","sticky":false,"template":"","format":"standard","meta":{"footnotes":""},"categories":[65],"tags":[72,70,71,34,31,33,32,30,5969,2830,990,145,1062],"class_list":{"0":"post-92318","1":"post","2":"type-post","3":"status-publish","4":"format-standard","5":"has-post-thumbnail","7":"category-ekonomi","8":"tag-business","9":"tag-economy","10":"tag-ekonomi","11":"tag-se","12":"tag-svenska","13":"tag-sverige","14":"tag-sweden","15":"tag-swedish","16":"tag-topic-hogtider","17":"tag-topic-jul","18":"tag-topic-livsmedel","19":"tag-topic-mat-dryck","20":"tag-topic-matpriser"},"share_on_mastodon":{"url":"https:\/\/pubeurope.com\/@se\/115628523047842920","error":""},"_links":{"self":[{"href":"https:\/\/www.europesays.com\/se\/wp-json\/wp\/v2\/posts\/92318","targetHints":{"allow":["GET"]}}],"collection":[{"href":"https:\/\/www.europesays.com\/se\/wp-json\/wp\/v2\/posts"}],"about":[{"href":"https:\/\/www.europesays.com\/se\/wp-json\/wp\/v2\/types\/post"}],"author":[{"embeddable":true,"href":"https:\/\/www.europesays.com\/se\/wp-json\/wp\/v2\/users\/2"}],"replies":[{"embeddable":true,"href":"https:\/\/www.europesays.com\/se\/wp-json\/wp\/v2\/comments?post=92318"}],"version-history":[{"count":0,"href":"https:\/\/www.europesays.com\/se\/wp-json\/wp\/v2\/posts\/92318\/revisions"}],"wp:featuredmedia":[{"embeddable":true,"href":"https:\/\/www.europesays.com\/se\/wp-json\/wp\/v2\/media\/92319"}],"wp:attachment":[{"href":"https:\/\/www.europesays.com\/se\/wp-json\/wp\/v2\/media?parent=92318"}],"wp:term":[{"taxonomy":"category","embeddable":true,"href":"https:\/\/www.europesays.com\/se\/wp-json\/wp\/v2\/categories?post=92318"},{"taxonomy":"post_tag","embeddable":true,"href":"https:\/\/www.europesays.com\/se\/wp-json\/wp\/v2\/tags?post=92318"}],"curies":[{"name":"wp","href":"https:\/\/api.w.org\/{rel}","templated":true}]}}