{"id":92326,"date":"2025-11-28T17:43:46","date_gmt":"2025-11-28T17:43:46","guid":{"rendered":"https:\/\/www.europesays.com\/se\/92326\/"},"modified":"2025-11-28T17:43:46","modified_gmt":"2025-11-28T17:43:46","slug":"riksaklagaren-ingen-resning-i-knutby-malet-expressen","status":"publish","type":"post","link":"https:\/\/www.europesays.com\/se\/92326\/","title":{"rendered":"Riks\u00e5klagaren: Ingen resning i Knutby-m\u00e5let &#8211; Expressen"},"content":{"rendered":"<ol>\n<li><a href=\"https:\/\/news.google.com\/rss\/articles\/CBMilwFBVV95cUxPTDFrM0hQQlplRDN1NTNpQ2VCSnNuYXhyZ1VHb0llUG9QNHNDQzBiSENZdF9NY1VtRzJCY2pNVWpQTnhEdTNWdVE2a3I2dkp0LVBQMlpSbnlEcDBiNFVYUFc2bThxaU43S1RHeTZJeTlYVld0WEVmNnZ2OUtFc3lQNjM4eTRCN2NUVnpYX2EwbE9rQ2hzOVIw?oc=5\" target=\"_blank\" rel=\"nofollow noopener\">Riks\u00e5klagaren: Ingen resning i Knutby-m\u00e5let<\/a>&nbsp;&nbsp;Expressen<\/li>\n<li><a href=\"https:\/\/news.google.com\/rss\/articles\/CBMikAFBVV95cUxQV1o2TE14VjZEaHRIdFBPYURLcUllX0gyM21XbXhSSEFrYWEzS2RrdFdlT1pPc0RzLW1jQjFIYUpFZmFIMFdkdzM1V096WHRlZFhwUDB2c3RuLUwzallqQnBKZjduYmNQSkRrdUFQMUNQNl8tWDg1cjh2d3ZBa3pGbXlrQWZpZ3FKT2tYa0J1THQ?oc=5\" target=\"_blank\" rel=\"nofollow noopener\">S\u00e5 reagerar m\u00e4nniskor i Knutby p\u00e5 de nya uppgifterna<\/a>&nbsp;&nbsp;SVT Nyheter<\/li>\n<li><a href=\"https:\/\/news.google.com\/rss\/articles\/CBMinwFBVV95cUxOdlAyUWdOLVY4SnRtSWFWcUNKWTVNdldVcnB2MHNtYTVRVkNuZjdlb1I0bC15WUNaNXRjazhBTEtLS3IyYTJ2T3lIR1Vyb2hTZVdIUG9wVlE0RXJLUDI0ajJHWk9lN1Q5M1VNUzZOdkFvNWxxaWNsWFlubTBucDhOb0lJTWFVUVRVNGRPenB5UDJlRmU4LVQ5VXJNbjFMX0E?oc=5\" target=\"_blank\" rel=\"nofollow noopener\">Han var med vid obduktionen: \u201dDet fanns inget blod vid h\u00f6ften\u201d<\/a>&nbsp;&nbsp;Aftonbladet<\/li>\n<li><a href=\"https:\/\/news.google.com\/rss\/articles\/CBMipgFBVV95cUxOUDR0ZEo0bTYwak53cWR6UVU2M2c2b21sakMtalJBR1lYdE5DaFhia1o0Ul8zZDk1VDZKdk5ocFJFVXVJZ1NrSjgwU3lHMk85R1Z6YkhFU0dvN256U0h6QWNlT2sxX2h3YzE4YU1FTHRUMmxPQ3ZsdHJ2SjB5RDZMR0ZQdXVMNkFCeWhTOEJjSC1wNWFPd1ZhcC1fVm1hY0FjaUJoQkdn?oc=5\" target=\"_blank\" rel=\"nofollow noopener\">Knutbyfallet f\u00e5r medierna att g\u00e5 i spinn<\/a>&nbsp;&nbsp;Kvartal<\/li>\n<li><a href=\"https:\/\/news.google.com\/rss\/articles\/CBMifkFVX3lxTE14bWJWNzJyaGM0YWtEeDVadEdiMnNPVjFzMUltX3FCMWhtQXhkTDg2bGYyclpnZXVqeUVCcC1maThscG5nenljTXNuTXJpbjV0QnloNW5uRnhmaktQeUIwbXNyazFQamxrcmcxTGg3OE5jdG13bXBiRlJ3dDM2UQ?oc=5\" target=\"_blank\" rel=\"nofollow noopener\">Barnflickans f\u00f6rre advokat: \u201dSaken \u00e4r redan pr\u00f6vad\u201d<\/a>&nbsp;&nbsp;Omni<\/li>\n<\/ol>\n","protected":false},"excerpt":{"rendered":"Riks\u00e5klagaren: Ingen resning i Knutby-m\u00e5let&nbsp;&nbsp;Expressen S\u00e5 reagerar m\u00e4nniskor i Knutby p\u00e5 de nya uppgifterna&nbsp;&nbsp;SVT Nyheter Han var med&hellip;\n","protected":false},"author":2,"featured_media":39,"comment_status":"","ping_status":"","sticky":false,"template":"","format":"standard","meta":{"footnotes":""},"categories":[5],"tags":[22,23,26,27,35,17,21,24,25,28,29,15,16,18,34,31,33,32,30,19,20],"class_list":{"0":"post-92326","1":"post","2":"type-post","3":"status-publish","4":"format-standard","5":"has-post-thumbnail","7":"category-rubriker","8":"tag-breaking-news","9":"tag-breakingnews","10":"tag-featured-news","11":"tag-featurednews","12":"tag-function-ta-bort-ai-rost","13":"tag-headlines","14":"tag-huvudnyheter","15":"tag-latest-news","16":"tag-latestnews","17":"tag-main-news","18":"tag-mainnews","19":"tag-news","20":"tag-nyheter","21":"tag-rubriker","22":"tag-se","23":"tag-svenska","24":"tag-sverige","25":"tag-sweden","26":"tag-swedish","27":"tag-top-stories","28":"tag-topstories"},"share_on_mastodon":{"url":"https:\/\/pubeurope.com\/@se\/115628566335726397","error":""},"_links":{"self":[{"href":"https:\/\/www.europesays.com\/se\/wp-json\/wp\/v2\/posts\/92326","targetHints":{"allow":["GET"]}}],"collection":[{"href":"https:\/\/www.europesays.com\/se\/wp-json\/wp\/v2\/posts"}],"about":[{"href":"https:\/\/www.europesays.com\/se\/wp-json\/wp\/v2\/types\/post"}],"author":[{"embeddable":true,"href":"https:\/\/www.europesays.com\/se\/wp-json\/wp\/v2\/users\/2"}],"replies":[{"embeddable":true,"href":"https:\/\/www.europesays.com\/se\/wp-json\/wp\/v2\/comments?post=92326"}],"version-history":[{"count":0,"href":"https:\/\/www.europesays.com\/se\/wp-json\/wp\/v2\/posts\/92326\/revisions"}],"wp:featuredmedia":[{"embeddable":true,"href":"https:\/\/www.europesays.com\/se\/wp-json\/wp\/v2\/media\/39"}],"wp:attachment":[{"href":"https:\/\/www.europesays.com\/se\/wp-json\/wp\/v2\/media?parent=92326"}],"wp:term":[{"taxonomy":"category","embeddable":true,"href":"https:\/\/www.europesays.com\/se\/wp-json\/wp\/v2\/categories?post=92326"},{"taxonomy":"post_tag","embeddable":true,"href":"https:\/\/www.europesays.com\/se\/wp-json\/wp\/v2\/tags?post=92326"}],"curies":[{"name":"wp","href":"https:\/\/api.w.org\/{rel}","templated":true}]}}