{"id":92327,"date":"2025-11-28T17:45:17","date_gmt":"2025-11-28T17:45:17","guid":{"rendered":"https:\/\/www.europesays.com\/se\/92327\/"},"modified":"2025-11-28T17:45:17","modified_gmt":"2025-11-28T17:45:17","slug":"publikfavoriten-stannar-hans-spel-talar-for-sig-sjalv","status":"publish","type":"post","link":"https:\/\/www.europesays.com\/se\/92327\/","title":{"rendered":"Publikfavoriten stannar: &#8221;Hans spel talar f\u00f6r sig sj\u00e4lv&#8221;"},"content":{"rendered":"<p><strong><a href=\"https:\/\/hockeysverige.se\/klubb\/rogle-bk\/\" rel=\"nofollow noopener\" target=\"_blank\">R\u00f6gle<\/a> v\u00e4rvade sent omsider innan <a href=\"https:\/\/hockeysverige.se\/spelare\/calvin-de-haan\/\" rel=\"nofollow noopener\" target=\"_blank\">Calvin de Haan<\/a> inf\u00f6r s\u00e4songsstarten. Nu st\u00e5r det klart att backbj\u00e4ssen stannar i gr\u00f6nvitt i tv\u00e5 \u00e5r till.<\/strong><\/p>\n<p><img loading=\"lazy\" decoding=\"async\" width=\"1024\" height=\"658\" src=\"https:\/\/www.europesays.com\/se\/wp-content\/uploads\/2025\/11\/Calvin-de-Haan-1024x658.webp.webp\" alt=\"\" class=\"wp-image-330771\"  \/>Calvin De Haan har blivit en publikfavorit i R\u00f6gle.<br \/>Foto: Ludvig Thunman \/ Bildbyr\u00e5n.<\/p>\n<p>Calvin de Haan har omg\u00e5ende blivit en stor publikfavorit i Catena Arena. Kanadensaren har kommit in med ett tufft spel och visat sig vara en nyckelspelare inte minst i det defensiva spelet. Det var f\u00f6rst den tolfte september som han skrev p\u00e5 f\u00f6r klubben.<\/p>\n<p>Men redan nu har 34-\u00e5ringen \u00f6vertygat tillr\u00e4ckligt mycket f\u00f6r ett nytt kontrakt.<\/p>\n<p>Veteranbacken har n\u00e4mligen skrivit p\u00e5 f\u00f6r tv\u00e5 ytterligare \u00e5r med klubben. Backen, som har \u00f6ver 700 NHL-matcher under sitt b\u00e4lte, blir d\u00e4rmed kvar i svensk hockey.<\/p>\n<p>\u2014 Jag tror Calvins spel talar f\u00f6r sig sj\u00e4lv och det \u00e4r sj\u00e4lvklart en back vi vill forts\u00e4tta att se i gr\u00f6nt och vitt fram\u00f6ver. Han st\u00e5r f\u00f6r ett stabilt backspel och innehar ledaregenskaper som \u00e4r till stor gagn f\u00f6r v\u00e5r grupp. K\u00e4nns v\u00e4ldigt kul att Calvin med familj trivs s\u00e5 bra h\u00e4r i R\u00f6gle och \u00c4ngelholm och jag ser fram emot att forts\u00e4tta v\u00e5rt samarbete i ytterligare tv\u00e5 s\u00e4songer, s\u00e4ger R\u00f6gles sportchef Hampus Sj\u00f6str\u00f6m i ett <a href=\"https:\/\/www.roglebk.se\/article\/r9aat6f-3k501\/view\" rel=\"nofollow noopener\" target=\"_blank\">pressmeddelande<\/a>.<\/p>\n<p>Calvin de Haan har gjort \u00e5tta po\u00e4ng p\u00e5 17 matcher i \u00e5rets SHL.<\/p>\n","protected":false},"excerpt":{"rendered":"R\u00f6gle v\u00e4rvade sent omsider innan Calvin de Haan inf\u00f6r s\u00e4songsstarten. Nu st\u00e5r det klart att backbj\u00e4ssen stannar i&hellip;\n","protected":false},"author":2,"featured_media":92328,"comment_status":"","ping_status":"","sticky":false,"template":"","format":"standard","meta":{"footnotes":""},"categories":[68],"tags":[34,133,134,111,110,31,33,32,30],"class_list":{"0":"post-92327","1":"post","2":"type-post","3":"status-publish","4":"format-standard","5":"has-post-thumbnail","7":"category-sport","8":"tag-se","9":"tag-second-news","10":"tag-shl","11":"tag-sport","12":"tag-sports","13":"tag-svenska","14":"tag-sverige","15":"tag-sweden","16":"tag-swedish"},"share_on_mastodon":{"url":"https:\/\/pubeurope.com\/@se\/115628574384519318","error":""},"_links":{"self":[{"href":"https:\/\/www.europesays.com\/se\/wp-json\/wp\/v2\/posts\/92327","targetHints":{"allow":["GET"]}}],"collection":[{"href":"https:\/\/www.europesays.com\/se\/wp-json\/wp\/v2\/posts"}],"about":[{"href":"https:\/\/www.europesays.com\/se\/wp-json\/wp\/v2\/types\/post"}],"author":[{"embeddable":true,"href":"https:\/\/www.europesays.com\/se\/wp-json\/wp\/v2\/users\/2"}],"replies":[{"embeddable":true,"href":"https:\/\/www.europesays.com\/se\/wp-json\/wp\/v2\/comments?post=92327"}],"version-history":[{"count":0,"href":"https:\/\/www.europesays.com\/se\/wp-json\/wp\/v2\/posts\/92327\/revisions"}],"wp:featuredmedia":[{"embeddable":true,"href":"https:\/\/www.europesays.com\/se\/wp-json\/wp\/v2\/media\/92328"}],"wp:attachment":[{"href":"https:\/\/www.europesays.com\/se\/wp-json\/wp\/v2\/media?parent=92327"}],"wp:term":[{"taxonomy":"category","embeddable":true,"href":"https:\/\/www.europesays.com\/se\/wp-json\/wp\/v2\/categories?post=92327"},{"taxonomy":"post_tag","embeddable":true,"href":"https:\/\/www.europesays.com\/se\/wp-json\/wp\/v2\/tags?post=92327"}],"curies":[{"name":"wp","href":"https:\/\/api.w.org\/{rel}","templated":true}]}}