{"id":92344,"date":"2025-11-28T18:12:14","date_gmt":"2025-11-28T18:12:14","guid":{"rendered":"https:\/\/www.europesays.com\/se\/92344\/"},"modified":"2025-11-28T18:12:14","modified_gmt":"2025-11-28T18:12:14","slug":"tv-kolla-in-filmen-ljusklot-dyker-upp-pa-himlen-ostersunds-posten","status":"publish","type":"post","link":"https:\/\/www.europesays.com\/se\/92344\/","title":{"rendered":"TV: Kolla in filmen \u2013 ljusklot dyker upp p\u00e5 himlen &#8211; \u00d6stersunds-Posten"},"content":{"rendered":"<ol>\n<li><a href=\"https:\/\/news.google.com\/rss\/articles\/CBMif0FVX3lxTE5QVUI5TXMzMWcwZDJjNzJXN29BdnVVT1Qwd1ZtNFlubzFwQUNBVDU5eGh4QlcyNS1UNG1CT2w5YWN1b05rWWZuWEhxMnlSNDhKdUEyX2tmMU9wang3di1WOU5ndEJadlY3UkM4aW5EdW1jOHpZam5zX0VFNE90Q0k?oc=5\" target=\"_blank\" rel=\"nofollow noopener\">TV: Kolla in filmen \u2013 ljusklot dyker upp p\u00e5 himlen<\/a>&nbsp;&nbsp;\u00d6stersunds-Posten<\/li>\n<li><a href=\"https:\/\/news.google.com\/rss\/articles\/CBMiqwFBVV95cUxOTk96NjVldVV2SXhXWDFtdTRCd2Q4akw2ZERhQ0QyNHJVaHYzVjVDYnpWdlFDVElFNmFFQld6dThfYnprc2ZhZkh4MWI0UnJucjdVR1RhXzRNR1Zjam1rOEoyYjNuYkdaQUYzQ2RYS1JnVFl0RzJoLVlidG5kSkMwZXRxTmhNQWdXSUpTeV9ia2RKb3M2ZkQ2bzRfTHFoQTNTaUNBRUxfWU5aaTg?oc=5\" target=\"_blank\" rel=\"nofollow noopener\">Lysande klot s\u00e5gs \u00f6ver Sverige \u2013 filmades av Melvin, 18: \u201dHelt galet\u201d<\/a>&nbsp;&nbsp;SVT Nyheter<\/li>\n<li><a href=\"https:\/\/news.google.com\/rss\/articles\/CBMingFBVV95cUxPeVp5VXA2d25sTlI4aTE4bDFubE5MNk9Ma0xIM2E2LVF2SXN2bXE1N0tpb3RhdnlzYUlvZ1RZR25EUF9YMDJQZGhMMjRUZG8welpvLW5VMkp4OEZNcDRXYVBlNE40OXN3WmRNXzlFcWZKSndWM0ZHLWJDS3dMcklTU2pSazdjQmdBTDU4cmM4X1l0UjI5SWE1UkR6cmpjUQ?oc=5\" target=\"_blank\" rel=\"nofollow noopener\">Sprakande ljusfenomen \u00f6ver G\u00e4llsta\u00f6: &#8221;Helt galet&#8221;<\/a>&nbsp;&nbsp;Mitt i<\/li>\n<li><a href=\"https:\/\/news.google.com\/rss\/articles\/CBMiwwFBVV95cUxQUmllb1NqcnZHMjMwZmdPS25oY2hZeE5LYjZGbjR0dUZNZUVabVBtUFdDN3ZvZTBSWGlOZVJONlJueU9SdG1KYU1ETWUzeE5kcm5zWlBPWUxyQ2dsSGNWNWVGdnB0WW9OVTdjTGtEa1ZCQ3BYRkFwX2s1QzRIaUg3QzRWSTFlWEJxSUxUU19fYlZEZFlyS2twQk1STG1ubmp1c3FiMWlSSkJyZE5ZU3FzeHJmMjBjbkpTTzFWWWRMazBwX1U?oc=5\" target=\"_blank\" rel=\"nofollow noopener\">Mystiska fenomenet i Stockholmsnatten: \u201dSjukt\u201d<\/a>&nbsp;&nbsp;Aftonbladet<\/li>\n<li><a href=\"https:\/\/news.google.com\/rss\/articles\/CBMitwFBVV95cUxPeU91Zm85dFM5TEgxN0VMcFFWdkRtS2VDdEVQSkt4LUVybjg3UFAwUC04eFpJU01ITHNmSE03ZzNOa2JfbV9kNm1tQ3FXTnh3UFpsa3gtM3hKX3lwTDBZbno1OTVVVE9EX1dZaS1oN0lMd01pcDBMRWlGWk1ac2ZsSGdWSmM5ekhZMno5ZUZDQjI0SHBJZnFOVnhwcjFIbWFmZkZPZFY5ZkxiVGxFMng5dnpkUHQ3dHM?oc=5\" target=\"_blank\" rel=\"nofollow noopener\">Mikael s\u00e5g ovanligt ljusfenomen \u2013 p\u00e5 v\u00e4g hem fr\u00e5n julbordet<\/a>&nbsp;&nbsp;TV4 Nyheterna<\/li>\n<\/ol>\n","protected":false},"excerpt":{"rendered":"TV: Kolla in filmen \u2013 ljusklot dyker upp p\u00e5 himlen&nbsp;&nbsp;\u00d6stersunds-Posten Lysande klot s\u00e5gs \u00f6ver Sverige \u2013 filmades av&hellip;\n","protected":false},"author":2,"featured_media":92345,"comment_status":"","ping_status":"","sticky":false,"template":"","format":"standard","meta":{"footnotes":""},"categories":[66],"tags":[80,78,79,34,31,33,32,30,81,84,83,82],"class_list":{"0":"post-92344","1":"post","2":"type-post","3":"status-publish","4":"format-standard","5":"has-post-thumbnail","7":"category-vetenskap-och-teknik","8":"tag-science","9":"tag-science-and-technology","10":"tag-scienceandtechnology","11":"tag-se","12":"tag-svenska","13":"tag-sverige","14":"tag-sweden","15":"tag-swedish","16":"tag-technology","17":"tag-teknik","18":"tag-vetenskap","19":"tag-vetenskapteknik"},"share_on_mastodon":{"url":"https:\/\/pubeurope.com\/@se\/115628680422953606","error":""},"_links":{"self":[{"href":"https:\/\/www.europesays.com\/se\/wp-json\/wp\/v2\/posts\/92344","targetHints":{"allow":["GET"]}}],"collection":[{"href":"https:\/\/www.europesays.com\/se\/wp-json\/wp\/v2\/posts"}],"about":[{"href":"https:\/\/www.europesays.com\/se\/wp-json\/wp\/v2\/types\/post"}],"author":[{"embeddable":true,"href":"https:\/\/www.europesays.com\/se\/wp-json\/wp\/v2\/users\/2"}],"replies":[{"embeddable":true,"href":"https:\/\/www.europesays.com\/se\/wp-json\/wp\/v2\/comments?post=92344"}],"version-history":[{"count":0,"href":"https:\/\/www.europesays.com\/se\/wp-json\/wp\/v2\/posts\/92344\/revisions"}],"wp:featuredmedia":[{"embeddable":true,"href":"https:\/\/www.europesays.com\/se\/wp-json\/wp\/v2\/media\/92345"}],"wp:attachment":[{"href":"https:\/\/www.europesays.com\/se\/wp-json\/wp\/v2\/media?parent=92344"}],"wp:term":[{"taxonomy":"category","embeddable":true,"href":"https:\/\/www.europesays.com\/se\/wp-json\/wp\/v2\/categories?post=92344"},{"taxonomy":"post_tag","embeddable":true,"href":"https:\/\/www.europesays.com\/se\/wp-json\/wp\/v2\/tags?post=92344"}],"curies":[{"name":"wp","href":"https:\/\/api.w.org\/{rel}","templated":true}]}}