{"id":92348,"date":"2025-11-28T18:20:29","date_gmt":"2025-11-28T18:20:29","guid":{"rendered":"https:\/\/www.europesays.com\/se\/92348\/"},"modified":"2025-11-28T18:20:29","modified_gmt":"2025-11-28T18:20:29","slug":"detta-ganska-prisvarda-iphone-tillbehor-ger-en-mangsidig-e-blackskarm","status":"publish","type":"post","link":"https:\/\/www.europesays.com\/se\/92348\/","title":{"rendered":"Detta ganska prisv\u00e4rda iPhone-tillbeh\u00f6r ger en m\u00e5ngsidig e-bl\u00e4cksk\u00e4rm"},"content":{"rendered":"<p>\t\t<a href=\"https:\/\/www.notebookcheck.se\/fileadmin\/_processed_\/f\/4\/csm_REETLE-SmartInk-I_e1ab33c511.jpg\" data-caption=\"SmartInk I: iPhone-fodral med en e-bl\u00e4cksk\u00e4rm (Bildk\u00e4lla: Reetle)\" rel=\"nofollow noopener\" target=\"_blank\"><img decoding=\"async\" src=\"https:\/\/www.europesays.com\/se\/wp-content\/uploads\/2025\/11\/csm_REETLE-SmartInk-I_b33828be6b.jpg\" loading=\"lazy\" fetchpriority=\"high\" width=\"240\" height=\"180\" alt=\"SmartInk I: iPhone-fodral med en e-bl\u00e4cksk\u00e4rm (Bildk\u00e4lla: Reetle)\"\/><\/a>SmartInk I: iPhone-fodral med en e-bl\u00e4cksk\u00e4rm (Bildk\u00e4lla: Reetle)<\/p>\n<p>Reetle SmartInk I \u00e4r en m\u00e5ngsidig e-bl\u00e4cksk\u00e4rm som f\u00e4sts p\u00e5 baksidan av en iPhone f\u00f6r att ge ytterligare funktionalitet. F\u00f6rutom att fungera som en e-l\u00e4sare kan den ocks\u00e5 skapa r\u00f6stanteckningar och visa ett brett utbud av inneh\u00e5ll.&#13;\n<\/p>\n<p class=\"bodytext\">E-bl\u00e4ck \u00f6vertr\u00e4ffar andra displaytekniker i vissa avseenden, till exempel genom att g\u00f6ra inneh\u00e5ll l\u00e4ttl\u00e4st i starkt solljus utan att det kr\u00e4vs bakgrundsbelysning. Men det finns ocks\u00e5 nackdelar, bland annat generellt sett l\u00e5ngsammare svarstider. Som ett resultat tenderar e-ink-sk\u00e4rmar att lysa i specifika anv\u00e4ndningsfall. <a href=\"https:\/\/reetle-smartink-i-world-s-first-ai-e-ink.kckb.me\/nbc\" target=\"_blank\" rel=\"nofollow noopener\"> Reetle SmartInk I \u00e4r utformad som ett tillbeh\u00f6r till iPhone<\/a> en e-bl\u00e4cksk\u00e4rm som kan visa sig anv\u00e4ndbar i vissa scenarier. Installationen \u00e4r ganska enkel, eftersom enheten f\u00e4sts som ett typiskt skyddsfodral. Dessutom \u00e4r den kompatibel med modeller fr\u00e5n iPhone 14 till 17 och ansluts tr\u00e5dl\u00f6st via Wi-Fi eller Bluetooth med hj\u00e4lp av en app, vilket eliminerar behovet av kablar.&#13;<\/p>\n<p class=\"bodytext\">Sk\u00e4rmen m\u00e4ter bara 3,97 tum, \u00e4r relativt liten och erbjuder en uppl\u00f6sning p\u00e5 480 x 800 pixlar. Ut\u00f6ver e-b\u00f6cker kan den visa olika typer av information, inklusive QR-koder och boardingkort. Med en knapptryckning kan anv\u00e4ndarna ocks\u00e5 spela in r\u00f6stmemon och f\u00e5 dem transkriberade och sammanfattade av AI. Enheten drivs av ett 300 mAh-batteri som lovar upp till 10 timmars anv\u00e4ndning. En tr\u00e5dl\u00f6s laddare ing\u00e5r ocks\u00e5 i f\u00f6rpackningen.&#13;<\/p>\n<p class=\"bodytext\">Reetle SmartInk I s\u00f6ker f\u00f6r n\u00e4rvarande finansiering p\u00e5 Kickstarter, med priser som b\u00f6rjar p\u00e5 cirka 120 USD. St\u00f6djare kan f\u00f6rv\u00e4nta sig att leveranserna b\u00f6rjar i februari 2026 om allt g\u00e5r enligt plan. Som med liknande crowdfunding-kampanjer medf\u00f6r detta projekt inneboende finansiella risker f\u00f6r st\u00f6djare. Noterbart \u00e4r att detta \u00e4r det f\u00f6rsta Kickstarter-projektet som lanserats av f\u00f6retaget Reetle.<\/p>\n<p>\t<a href=\"\"><img decoding=\"async\" src=\"https:\/\/www.europesays.com\/se\/wp-content\/uploads\/2025\/11\/csm_peter_Zhiwei_Zhuang_877223ef58.jpg\" loading=\"lazy\" width=\"120\" height=\"120\" alt=\"Zhiwei Zhuang\"\/><\/a><a href=\"\"><img decoding=\"async\" src=\"https:\/\/www.europesays.com\/se\/wp-content\/uploads\/2025\/11\/1763336113_814_csm_ninh_duy_ee54bf9777.jpg\" loading=\"lazy\" width=\"120\" height=\"120\" alt=\"Ninh Duy\"\/><\/a>Translator: <a href=\"\" class=\"j_name\">Ninh Ngoc Duy<\/a> &#8211; Editorial Assistant  &#8211; 663404 articles published on Notebookcheck since 2008<\/p>\n","protected":false},"excerpt":{"rendered":"SmartInk I: iPhone-fodral med en e-bl\u00e4cksk\u00e4rm (Bildk\u00e4lla: Reetle) Reetle SmartInk I \u00e4r en m\u00e5ngsidig e-bl\u00e4cksk\u00e4rm som f\u00e4sts p\u00e5&hellip;\n","protected":false},"author":2,"featured_media":92349,"comment_status":"","ping_status":"","sticky":false,"template":"","format":"standard","meta":{"footnotes":""},"categories":[66],"tags":[7083,7975,487,7341,7084,7085,10672,80,78,79,34,7147,31,33,32,30,81,84,83,82],"class_list":{"0":"post-92348","1":"post","2":"type-post","3":"status-publish","4":"format-standard","5":"has-post-thumbnail","7":"category-vetenskap-och-teknik","8":"tag-barbar-dator","9":"tag-display","10":"tag-iphone","11":"tag-lansering","12":"tag-laptop","13":"tag-notebook","14":"tag-reetle-smartink-i","15":"tag-science","16":"tag-science-and-technology","17":"tag-scienceandtechnology","18":"tag-se","19":"tag-smartphone","20":"tag-svenska","21":"tag-sverige","22":"tag-sweden","23":"tag-swedish","24":"tag-technology","25":"tag-teknik","26":"tag-vetenskap","27":"tag-vetenskapteknik"},"share_on_mastodon":{"url":"https:\/\/pubeurope.com\/@se\/115628712159467049","error":""},"_links":{"self":[{"href":"https:\/\/www.europesays.com\/se\/wp-json\/wp\/v2\/posts\/92348","targetHints":{"allow":["GET"]}}],"collection":[{"href":"https:\/\/www.europesays.com\/se\/wp-json\/wp\/v2\/posts"}],"about":[{"href":"https:\/\/www.europesays.com\/se\/wp-json\/wp\/v2\/types\/post"}],"author":[{"embeddable":true,"href":"https:\/\/www.europesays.com\/se\/wp-json\/wp\/v2\/users\/2"}],"replies":[{"embeddable":true,"href":"https:\/\/www.europesays.com\/se\/wp-json\/wp\/v2\/comments?post=92348"}],"version-history":[{"count":0,"href":"https:\/\/www.europesays.com\/se\/wp-json\/wp\/v2\/posts\/92348\/revisions"}],"wp:featuredmedia":[{"embeddable":true,"href":"https:\/\/www.europesays.com\/se\/wp-json\/wp\/v2\/media\/92349"}],"wp:attachment":[{"href":"https:\/\/www.europesays.com\/se\/wp-json\/wp\/v2\/media?parent=92348"}],"wp:term":[{"taxonomy":"category","embeddable":true,"href":"https:\/\/www.europesays.com\/se\/wp-json\/wp\/v2\/categories?post=92348"},{"taxonomy":"post_tag","embeddable":true,"href":"https:\/\/www.europesays.com\/se\/wp-json\/wp\/v2\/tags?post=92348"}],"curies":[{"name":"wp","href":"https:\/\/api.w.org\/{rel}","templated":true}]}}