{"id":92372,"date":"2025-11-28T19:10:10","date_gmt":"2025-11-28T19:10:10","guid":{"rendered":"https:\/\/www.europesays.com\/se\/92372\/"},"modified":"2025-11-28T19:10:10","modified_gmt":"2025-11-28T19:10:10","slug":"tva-tankfartyg-i-svarta-havet-i-brand","status":"publish","type":"post","link":"https:\/\/www.europesays.com\/se\/92372\/","title":{"rendered":"Tv\u00e5 tankfartyg i Svarta havet i brand"},"content":{"rendered":"<p>share-arrowDela<\/p>\n<p>unsaveSpara<\/p>\n<p class=\"hyperion-css-1shl3oz\" data-test-tag=\"lead-text\">Tv\u00e5 tankfartyg som tros tillh\u00f6ra den ryska skuggflottan har attackerats och st\u00e5r i brand utanf\u00f6r den turkiska kusten, rapporterar turkiska myndigheter.<\/p>\n<p class=\"hyperion-css-1v9qo5x\">Bes\u00e4ttningarna p\u00e5 de tv\u00e5 fartygen har l\u00e4mnat respektive tanker och uppges befinna sig i s\u00e4kerhet.<\/p>\n<p class=\"hyperion-css-1v9qo5x\">Ett av fartygen, som \u00e4r Gambia-flaggat, gick utan last och var p\u00e5 v\u00e4g mot ryska Novorossijsk. Det andra fartyget, som b\u00f6rjade brinna ungef\u00e4r en timme efter det f\u00f6rsta, finns det inga vidare uppgifter om.<\/p>\n","protected":false},"excerpt":{"rendered":"share-arrowDela unsaveSpara Tv\u00e5 tankfartyg som tros tillh\u00f6ra den ryska skuggflottan har attackerats och st\u00e5r i brand utanf\u00f6r den&hellip;\n","protected":false},"author":2,"featured_media":465,"comment_status":"","ping_status":"","sticky":false,"template":"","format":"standard","meta":{"footnotes":""},"categories":[14],"tags":[22,23,26,27,17,21,24,25,28,29,15,16,18,34,31,33,32,30,19,20,51,52,53,54],"class_list":{"0":"post-92372","1":"post","2":"type-post","3":"status-publish","4":"format-standard","5":"has-post-thumbnail","7":"category-varlden","8":"tag-breaking-news","9":"tag-breakingnews","10":"tag-featured-news","11":"tag-featurednews","12":"tag-headlines","13":"tag-huvudnyheter","14":"tag-latest-news","15":"tag-latestnews","16":"tag-main-news","17":"tag-mainnews","18":"tag-news","19":"tag-nyheter","20":"tag-rubriker","21":"tag-se","22":"tag-svenska","23":"tag-sverige","24":"tag-sweden","25":"tag-swedish","26":"tag-top-stories","27":"tag-topstories","28":"tag-varlden","29":"tag-world","30":"tag-world-news","31":"tag-worldnews"},"share_on_mastodon":{"url":"https:\/\/pubeurope.com\/@se\/115628908430562543","error":""},"_links":{"self":[{"href":"https:\/\/www.europesays.com\/se\/wp-json\/wp\/v2\/posts\/92372","targetHints":{"allow":["GET"]}}],"collection":[{"href":"https:\/\/www.europesays.com\/se\/wp-json\/wp\/v2\/posts"}],"about":[{"href":"https:\/\/www.europesays.com\/se\/wp-json\/wp\/v2\/types\/post"}],"author":[{"embeddable":true,"href":"https:\/\/www.europesays.com\/se\/wp-json\/wp\/v2\/users\/2"}],"replies":[{"embeddable":true,"href":"https:\/\/www.europesays.com\/se\/wp-json\/wp\/v2\/comments?post=92372"}],"version-history":[{"count":0,"href":"https:\/\/www.europesays.com\/se\/wp-json\/wp\/v2\/posts\/92372\/revisions"}],"wp:featuredmedia":[{"embeddable":true,"href":"https:\/\/www.europesays.com\/se\/wp-json\/wp\/v2\/media\/465"}],"wp:attachment":[{"href":"https:\/\/www.europesays.com\/se\/wp-json\/wp\/v2\/media?parent=92372"}],"wp:term":[{"taxonomy":"category","embeddable":true,"href":"https:\/\/www.europesays.com\/se\/wp-json\/wp\/v2\/categories?post=92372"},{"taxonomy":"post_tag","embeddable":true,"href":"https:\/\/www.europesays.com\/se\/wp-json\/wp\/v2\/tags?post=92372"}],"curies":[{"name":"wp","href":"https:\/\/api.w.org\/{rel}","templated":true}]}}