{"id":92388,"date":"2025-11-28T19:34:13","date_gmt":"2025-11-28T19:34:13","guid":{"rendered":"https:\/\/www.europesays.com\/se\/92388\/"},"modified":"2025-11-28T19:34:13","modified_gmt":"2025-11-28T19:34:13","slug":"katastrofala-regn-i-sydostasien-hundratals-doda-2","status":"publish","type":"post","link":"https:\/\/www.europesays.com\/se\/92388\/","title":{"rendered":"Katastrofala regn i Sydostasien \u2013 hundratals d\u00f6da"},"content":{"rendered":"<p>Publicerad 28 nov 2025 kl 10.08Uppdaterad kl 11.00<\/p>\n<p>Extrema monsunregn har orsakat brutala \u00f6versv\u00e4mningar i Thailand, Malaysia och Indonesien. Antalet d\u00f6da \u00e4r nu uppe i l\u00e5ngt \u00f6ver 200, och forts\u00e4tter att stiga.<\/p>\n<p>Skr\u00e4cken i vattnet efter \u00f6versv\u00e4mningarna i Thailand<img   alt=\"\"\/><\/p>\n<p>Hundratals personer har d\u00f6tt i monsunregnen.<\/p>\n<p>Foto: ARNUN CHONMAHATRAKOOL \/ AP TT NYHETSBYR\u00c5N<\/p>\n<p>\u00d6ppna bild i helsk\u00e4rm<\/p>\n<p>I s\u00f6dra Thailand r\u00e4knar man till sammanlagt \u00f6ver 145 d\u00f6da, de flesta i provinsen Songkhla.<\/p>\n<p>\u2013 B\u00e5rhuset \u00e4r fullt, s\u00e4ger en tj\u00e4nsteman i provinsen till nyhetsbyr\u00e5n AFP.<\/p>\n<p>Liken l\u00e4ggs f\u00f6r tillf\u00e4llet d\u00e4rf\u00f6r i kylbilar, enligt rapporterna.<\/p>\n<p>P\u00e5 Sumatra i <a href=\"https:\/\/www.expressen.se\/tagg\/location\/indonesien\/\" class=\"\" rel=\"nofollow noopener\" target=\"_blank\">Indonesien<\/a> \u00e4r antalet bekr\u00e4ftade d\u00f6dsoffer uppe i \u00f6ver 110. 53-\u00e5riga Misniati ber\u00e4ttar f\u00f6r AFP att hennes kvarter \u00f6versv\u00e4mmades p\u00e5 nolltid n\u00e4r hon var p\u00e5 v\u00e4g hem p\u00e5 fredagsmorgonen.<\/p>\n<p>\u2013 Jag f\u00f6rs\u00f6kte springa till v\u00e5rt hus f\u00f6r att varna min man, men vattnet steg till min midja.<\/p>\n<p>Trots farliga str\u00f6mmar lyckades hon ta sig hem, och d\u00e5 var vattnet n\u00e4stan uppe vid halsen.<\/p>\n<p>Den \u00e5rliga monsuns\u00e4songen medf\u00f6r ofta skred, \u00f6versv\u00e4mningar och vattenburna sjukdomar. Forskare befarar att den kommer att forts\u00e4tta bli allt v\u00e4rre och l\u00e4ngre p\u00e5 grund av utsl\u00e4ppen fr\u00e5n m\u00e4nniskans eldande med fossila br\u00e4nslen.<\/p>\n","protected":false},"excerpt":{"rendered":"Publicerad 28 nov 2025 kl 10.08Uppdaterad kl 11.00 Extrema monsunregn har orsakat brutala \u00f6versv\u00e4mningar i Thailand, Malaysia och&hellip;\n","protected":false},"author":2,"featured_media":92389,"comment_status":"","ping_status":"","sticky":false,"template":"","format":"standard","meta":{"footnotes":""},"categories":[14],"tags":[22,23,26,27,17,21,24,25,5341,10673,207,28,29,15,16,18,34,55,31,33,32,30,19,503,20,51,52,53,54],"class_list":{"0":"post-92388","1":"post","2":"type-post","3":"status-publish","4":"format-standard","5":"has-post-thumbnail","7":"category-varlden","8":"tag-breaking-news","9":"tag-breakingnews","10":"tag-featured-news","11":"tag-featurednews","12":"tag-headlines","13":"tag-huvudnyheter","14":"tag-latest-news","15":"tag-latestnews","16":"tag-location-indonesien","17":"tag-location-malaysia","18":"tag-location-thailand","19":"tag-main-news","20":"tag-mainnews","21":"tag-news","22":"tag-nyheter","23":"tag-rubriker","24":"tag-se","25":"tag-sections-varlden","26":"tag-svenska","27":"tag-sverige","28":"tag-sweden","29":"tag-swedish","30":"tag-top-stories","31":"tag-topic-naturkatastrofer","32":"tag-topstories","33":"tag-varlden","34":"tag-world","35":"tag-world-news","36":"tag-worldnews"},"share_on_mastodon":{"url":"https:\/\/pubeurope.com\/@se\/115629002761097004","error":""},"_links":{"self":[{"href":"https:\/\/www.europesays.com\/se\/wp-json\/wp\/v2\/posts\/92388","targetHints":{"allow":["GET"]}}],"collection":[{"href":"https:\/\/www.europesays.com\/se\/wp-json\/wp\/v2\/posts"}],"about":[{"href":"https:\/\/www.europesays.com\/se\/wp-json\/wp\/v2\/types\/post"}],"author":[{"embeddable":true,"href":"https:\/\/www.europesays.com\/se\/wp-json\/wp\/v2\/users\/2"}],"replies":[{"embeddable":true,"href":"https:\/\/www.europesays.com\/se\/wp-json\/wp\/v2\/comments?post=92388"}],"version-history":[{"count":0,"href":"https:\/\/www.europesays.com\/se\/wp-json\/wp\/v2\/posts\/92388\/revisions"}],"wp:featuredmedia":[{"embeddable":true,"href":"https:\/\/www.europesays.com\/se\/wp-json\/wp\/v2\/media\/92389"}],"wp:attachment":[{"href":"https:\/\/www.europesays.com\/se\/wp-json\/wp\/v2\/media?parent=92388"}],"wp:term":[{"taxonomy":"category","embeddable":true,"href":"https:\/\/www.europesays.com\/se\/wp-json\/wp\/v2\/categories?post=92388"},{"taxonomy":"post_tag","embeddable":true,"href":"https:\/\/www.europesays.com\/se\/wp-json\/wp\/v2\/tags?post=92388"}],"curies":[{"name":"wp","href":"https:\/\/api.w.org\/{rel}","templated":true}]}}