{"id":92394,"date":"2025-11-28T19:41:13","date_gmt":"2025-11-28T19:41:13","guid":{"rendered":"https:\/\/www.europesays.com\/se\/92394\/"},"modified":"2025-11-28T19:41:13","modified_gmt":"2025-11-28T19:41:13","slug":"buschs-missnoje-innan-per-eckemark-fick-lamna","status":"publish","type":"post","link":"https:\/\/www.europesays.com\/se\/92394\/","title":{"rendered":"Buschs missn\u00f6je \u2013 innan Per Eckemark fick l\u00e4mna"},"content":{"rendered":"<p>Publicerad 28 nov 2025 kl 13.02Uppdaterad kl 13.39<\/p>\n<p>I veckan kom beskedet att Svenska kraftn\u00e4ts generaldirekt\u00f6r slutar.<\/p>\n<p>Det kommer efter frustration fr\u00e5n regeringen, rapporterar <a href=\"https:\/\/www.svt.se\/nyheter\/inrikes\/mejlen-visar-missnojet-fran-ebba-busch-saknas-en-plan\" rel=\"nofollow noopener\" target=\"_blank\">SVT<\/a>.<\/p>\n<p>I mejl som kanalen tagit del av uttrycker Ebba Buschs stab missn\u00f6je med myndighetens arbete.<\/p>\n<p>Ur arkivet: Ebba Buschs svar efter energibr\u00e5ket<img loading=\"lazy\"   alt=\"\"\/><\/p>\n<p>Energiminister Ebba Busch (KD).<\/p>\n<p>Foto: Anders Wiklund\/TT \/ TT NYHETSBYR\u00c5N<\/p>\n<p>\u00d6ppna bild i helsk\u00e4rm<img loading=\"lazy\"   alt=\"\"\/><\/p>\n<p>Sverige har ingen elreserv p\u00e5 plats inf\u00f6r vintern.<\/p>\n<p>Foto: Johan Nilsson \/ TT<\/p>\n<p>\u00d6ppna bild i helsk\u00e4rm<\/p>\n<p>Efter bara ett drygt halv\u00e5r p\u00e5 posten kom h\u00e4romdagen nyheten att Per Eckemark slutar som generaldirekt\u00f6r p\u00e5 Svenska kraftn\u00e4t.<\/p>\n<p>Beskedet kom efter att myndigheten avbr\u00f6t upphandlingen av en s\u00e5 kallad elreserv. Det \u00e4r en s\u00e4kerhets\u00e5tg\u00e4rd f\u00f6r att se till att det snabbt g\u00e5r att f\u00e5 el vid effektbrist, till exempel under en kall vinterperiod.<\/p>\n<p>Det \u00e4r f\u00f6rsta g\u00e5ngen sedan 2003 som det inte finns n\u00e5gon elreserv och det h\u00e4r uppges ha lett till stort missn\u00f6je i energiminister <a href=\"https:\/\/www.expressen.se\/tagg\/person\/ebba-busch\/\" class=\"\" rel=\"nofollow noopener\" target=\"_blank\">Ebba Buschs<\/a> stab.<\/p>\n<p>Kritisk i mejl<\/p>\n<p>I mejl som SVT rapporterar om skriver hennes statssekreterare Maja Lundb\u00e4ck att Busch velat ta del av myndighetens plan f\u00f6r att f\u00e5 till en elreserv.<\/p>\n<p>Men det saknades d\u00e5 en plan f\u00f6r hur den skulle komma p\u00e5 plats och n\u00e4r departementet skulle f\u00e5 information, skriver Lundb\u00e4ck i mejlen enligt SVT.<\/p>\n<p>I sitt svar beklagade generaldirekt\u00f6ren Per Eckemark att det fanns ett missn\u00f6je, och f\u00f6reslog ett m\u00f6te om saken.<\/p>\n<p>Direkt efter hans avg\u00e5ng har Svenska kraftn\u00e4t nu dragit i g\u00e5ng en ny upphandling om en elreserv.<\/p>\n<p>Det v\u00e4lkomnar Tobias Andersson (SD), ordf\u00f6rande i n\u00e4ringsutskottet som menar att Sverige annars riskerar att st\u00e5 utan elberedskap i vinter.<\/p>\n<p>\u2013 Det hade inte skett om inte departementet, jag och m\u00e5nga andra har legat p\u00e5 aff\u00e4rsverket f\u00f6r att de ska g\u00f6ra sitt jobb, s\u00e4ger han till SVT.<\/p>\n<p>M\u00f6te \u201durartade\u201d<\/p>\n<p>Ocks\u00e5 <a href=\"https:\/\/www.aftonbladet.se\/nyheter\/a\/k0WGBA\/kaoset-bakom-generaldirektorens-avgang-hatsk-stamning\" rel=\"nofollow noopener\" target=\"_blank\">Aftonbladet<\/a> har rapporterat om turbulensen inf\u00f6r Eckemarks avg\u00e5ng. Ett utskottsm\u00f6te d\u00e4r Per Eckemark deltog urartade, enligt tidningen, och han ska ha blivit utsk\u00e4lld av Tobias Andersson.<\/p>\n<p>St\u00e4mningen var \u201doerh\u00f6rt h\u00e4tsk\u201d, enligt en uppgiftsl\u00e4mnare.<\/p>\n<p>Tobias Andersson har inte velat kommentera uppgifterna.<\/p>\n","protected":false},"excerpt":{"rendered":"Publicerad 28 nov 2025 kl 13.02Uppdaterad kl 13.39 I veckan kom beskedet att Svenska kraftn\u00e4ts generaldirekt\u00f6r slutar. Det&hellip;\n","protected":false},"author":2,"featured_media":92395,"comment_status":"","ping_status":"","sticky":false,"template":"","format":"standard","meta":{"footnotes":""},"categories":[65],"tags":[72,70,71,10674,874,34,583,31,33,32,30,3615,3726],"class_list":{"0":"post-92394","1":"post","2":"type-post","3":"status-publish","4":"format-standard","5":"has-post-thumbnail","7":"category-ekonomi","8":"tag-business","9":"tag-economy","10":"tag-ekonomi","11":"tag-organization-svenska-kraftnat","12":"tag-person-ebba-busch","13":"tag-se","14":"tag-sections-politik","15":"tag-svenska","16":"tag-sverige","17":"tag-sweden","18":"tag-swedish","19":"tag-topic-energifragor","20":"tag-topic-energipolitik"},"share_on_mastodon":{"url":"https:\/\/pubeurope.com\/@se\/115629030371656816","error":""},"_links":{"self":[{"href":"https:\/\/www.europesays.com\/se\/wp-json\/wp\/v2\/posts\/92394","targetHints":{"allow":["GET"]}}],"collection":[{"href":"https:\/\/www.europesays.com\/se\/wp-json\/wp\/v2\/posts"}],"about":[{"href":"https:\/\/www.europesays.com\/se\/wp-json\/wp\/v2\/types\/post"}],"author":[{"embeddable":true,"href":"https:\/\/www.europesays.com\/se\/wp-json\/wp\/v2\/users\/2"}],"replies":[{"embeddable":true,"href":"https:\/\/www.europesays.com\/se\/wp-json\/wp\/v2\/comments?post=92394"}],"version-history":[{"count":0,"href":"https:\/\/www.europesays.com\/se\/wp-json\/wp\/v2\/posts\/92394\/revisions"}],"wp:featuredmedia":[{"embeddable":true,"href":"https:\/\/www.europesays.com\/se\/wp-json\/wp\/v2\/media\/92395"}],"wp:attachment":[{"href":"https:\/\/www.europesays.com\/se\/wp-json\/wp\/v2\/media?parent=92394"}],"wp:term":[{"taxonomy":"category","embeddable":true,"href":"https:\/\/www.europesays.com\/se\/wp-json\/wp\/v2\/categories?post=92394"},{"taxonomy":"post_tag","embeddable":true,"href":"https:\/\/www.europesays.com\/se\/wp-json\/wp\/v2\/tags?post=92394"}],"curies":[{"name":"wp","href":"https:\/\/api.w.org\/{rel}","templated":true}]}}