{"id":92396,"date":"2025-11-28T19:44:12","date_gmt":"2025-11-28T19:44:12","guid":{"rendered":"https:\/\/www.europesays.com\/se\/92396\/"},"modified":"2025-11-28T19:44:12","modified_gmt":"2025-11-28T19:44:12","slug":"s-mediebolag-andrar-rutiner-farre-klick-bort","status":"publish","type":"post","link":"https:\/\/www.europesays.com\/se\/92396\/","title":{"rendered":"S mediebolag \u00e4ndrar rutiner: \u201dF\u00e4rre klick bort\u201d"},"content":{"rendered":"<p>Socialdemokraternas mediebolag AiP Media f\u00f6rtydligar p\u00e5 sociala medier att det \u00e4r de som st\u00e5r bakom flera konton i sociala medier. Det s\u00e4ger AiP Medias vd Daniel F\u00e4rm till SVT Nyheter. <\/p>\n<p>Han s\u00e4ger att informationen nu ska finnas \u201df\u00e4rre klick bort\u201d. <\/p>\n<p>\u2013 Vi har tyckt att vi varit tydliga men vi \u00e4r inte d\u00f6va. Vi har lyssnat p\u00e5 diskussionen som varit. <\/p>\n<p>Diskussionen han syftar p\u00e5 har uppst\u00e5tt efter TV4 Nyheternas rapportering om att det inte alltid varit tydligt att det \u00e4r f\u00f6retaget som st\u00e5r bakom sitt material, och att f\u00f6retaget \u00e4gs av Socialdemokraterna.<\/p>\n<p>Omni \u00e4r politiskt obundna och oberoende. Vi str\u00e4var efter att ge fler perspektiv p\u00e5 nyheterna. Har du fr\u00e5gor eller synpunkter kring v\u00e5r rapportering? <a href=\"https:\/\/omni.se\/s-mediebolag-andrar-rutiner-farre-klick-bort\/a\/mailto:redaktion@omni.se\" class=\"ArticleActions_contactLink__W2F1M\" rel=\"nofollow noopener\" target=\"_blank\">Kontakta redaktionen<\/a><\/p>\n","protected":false},"excerpt":{"rendered":"Socialdemokraternas mediebolag AiP Media f\u00f6rtydligar p\u00e5 sociala medier att det \u00e4r de som st\u00e5r bakom flera konton i&hellip;\n","protected":false},"author":2,"featured_media":92397,"comment_status":"","ping_status":"","sticky":false,"template":"","format":"standard","meta":{"footnotes":""},"categories":[5],"tags":[22,23,26,27,17,21,24,25,28,29,732,15,16,369,18,34,1557,31,33,32,30,19,20],"class_list":{"0":"post-92396","1":"post","2":"type-post","3":"status-publish","4":"format-standard","5":"has-post-thumbnail","7":"category-rubriker","8":"tag-breaking-news","9":"tag-breakingnews","10":"tag-featured-news","11":"tag-featurednews","12":"tag-headlines","13":"tag-huvudnyheter","14":"tag-latest-news","15":"tag-latestnews","16":"tag-main-news","17":"tag-mainnews","18":"tag-media-reklam","19":"tag-news","20":"tag-nyheter","21":"tag-politik","22":"tag-rubriker","23":"tag-se","24":"tag-socialdemokraterna","25":"tag-svenska","26":"tag-sverige","27":"tag-sweden","28":"tag-swedish","29":"tag-top-stories","30":"tag-topstories"},"share_on_mastodon":{"url":"https:\/\/pubeurope.com\/@se\/115629042136533275","error":""},"_links":{"self":[{"href":"https:\/\/www.europesays.com\/se\/wp-json\/wp\/v2\/posts\/92396","targetHints":{"allow":["GET"]}}],"collection":[{"href":"https:\/\/www.europesays.com\/se\/wp-json\/wp\/v2\/posts"}],"about":[{"href":"https:\/\/www.europesays.com\/se\/wp-json\/wp\/v2\/types\/post"}],"author":[{"embeddable":true,"href":"https:\/\/www.europesays.com\/se\/wp-json\/wp\/v2\/users\/2"}],"replies":[{"embeddable":true,"href":"https:\/\/www.europesays.com\/se\/wp-json\/wp\/v2\/comments?post=92396"}],"version-history":[{"count":0,"href":"https:\/\/www.europesays.com\/se\/wp-json\/wp\/v2\/posts\/92396\/revisions"}],"wp:featuredmedia":[{"embeddable":true,"href":"https:\/\/www.europesays.com\/se\/wp-json\/wp\/v2\/media\/92397"}],"wp:attachment":[{"href":"https:\/\/www.europesays.com\/se\/wp-json\/wp\/v2\/media?parent=92396"}],"wp:term":[{"taxonomy":"category","embeddable":true,"href":"https:\/\/www.europesays.com\/se\/wp-json\/wp\/v2\/categories?post=92396"},{"taxonomy":"post_tag","embeddable":true,"href":"https:\/\/www.europesays.com\/se\/wp-json\/wp\/v2\/tags?post=92396"}],"curies":[{"name":"wp","href":"https:\/\/api.w.org\/{rel}","templated":true}]}}