{"id":92415,"date":"2025-11-28T20:20:07","date_gmt":"2025-11-28T20:20:07","guid":{"rendered":"https:\/\/www.europesays.com\/se\/92415\/"},"modified":"2025-11-28T20:20:07","modified_gmt":"2025-11-28T20:20:07","slug":"froken-snusk-vinner-svts-spelet","status":"publish","type":"post","link":"https:\/\/www.europesays.com\/se\/92415\/","title":{"rendered":"Fr\u00f6ken Snusk vinner SVT:s \u201dSpelet\u201d"},"content":{"rendered":"<p>Publicerad 28 nov 2025 kl 20.58Uppdaterad kl 21.13<\/p>\n<p>Under h\u00f6sten har realityprogrammet \u201dSpelet\u201d blivit SVT:s stora succ\u00e9.<\/p>\n<p>Och nu st\u00e5r det klart vem som kammat hem vinsten.\u00a0<\/p>\n<p>Det blev Fr\u00f6ken Snusk som stod som vinnare i s\u00e4songens sista avsnitt.\u00a0<\/p>\n<p>\u201dSpelet\u201d-deltagarna om br\u00e5ken.<img loading=\"lazy\"   alt=\"\"\/><\/p>\n<p>Julia Franz\u00e9n och Fr\u00f6ken Snusk.<\/p>\n<p>Foto: SVT \/ SVT<\/p>\n<p>\u00d6ppna bild i helsk\u00e4rm<img loading=\"lazy\"   alt=\"\"\/><\/p>\n<p>Zeina Mourtada och Christian Bauer.<\/p>\n<p>Foto: SVT \/ SVT<\/p>\n<p>\u00d6ppna bild i helsk\u00e4rm<img loading=\"lazy\"   alt=\"\"\/><\/p>\n<p>Bauer, Ikenna Abika och Jan Emanuel.<\/p>\n<p>Foto: SVT \/ SVT<\/p>\n<p>\u00d6ppna bild i helsk\u00e4rm<\/p>\n<p>St\u00e4mningen gick n\u00e4stan att ta p\u00e5 n\u00e4r segraren skulle offentligg\u00f6ras. Nerverna m\u00e4rktes hos s\u00e5 v\u00e4l deltagarna som hos panelen.<\/p>\n<p>Till slut stod det klart: Fr\u00f6ken Snusk vinner strategispelet och de 100\u00a0000 kronorna i prispotten.<\/p>\n<p>\u2013 Efter den h\u00e4r vinsten ska jag aldrig n\u00e5gonsin mer s\u00e4ga till mig sj\u00e4lv att jag inte kan n\u00e5gonting eller att jag \u00e4r d\u00e5lig p\u00e5 n\u00e5got, f\u00f6r jag \u00e4r fan asgrym, s\u00e4ger Fr\u00f6ken Snusk i programmet.<\/p>\n<p>\u201dSpelet\u201d g\u00e5r ut p\u00e5 att en grupp k\u00e4nda svenskar isoleras i en skyskrapa i Stockholm f\u00f6r att spela ett strategispel, skapa intriger och undvika utr\u00f6stning. I finalprogrammet gjorde Ayan Ahmad, Fr\u00f6ken Snusk (originalet), Hanna Friberg och Julia Franz\u00e9n upp om segern.<\/p>\n<p>Nyligen gick <a href=\"https:\/\/www.expressen.se\/tagg\/organization\/svt\/\" class=\"\" rel=\"nofollow noopener\" target=\"_blank\">SVT<\/a> ut med att en ny s\u00e4song av programmet spelas in i v\u00e5r f\u00f6r att s\u00e4ndas i h\u00f6st.<\/p>\n","protected":false},"excerpt":{"rendered":"Publicerad 28 nov 2025 kl 20.58Uppdaterad kl 21.13 Under h\u00f6sten har realityprogrammet \u201dSpelet\u201d blivit SVT:s stora succ\u00e9. Och&hellip;\n","protected":false},"author":2,"featured_media":92416,"comment_status":"","ping_status":"","sticky":false,"template":"","format":"standard","meta":{"footnotes":""},"categories":[67],"tags":[104,361,3700,3268,34,645,31,33,32,30,310,218,646,105],"class_list":{"0":"post-92415","1":"post","2":"type-post","3":"status-publish","4":"format-standard","5":"has-post-thumbnail","7":"category-underhallning","8":"tag-entertainment","9":"tag-organization-svt","10":"tag-person-froken-snusk","11":"tag-person-julia-franzen","12":"tag-se","13":"tag-sections-tv","14":"tag-svenska","15":"tag-sverige","16":"tag-sweden","17":"tag-swedish","18":"tag-topic-kandisar","19":"tag-topic-realityprogram","20":"tag-topic-tv-serier","21":"tag-underhallning"},"share_on_mastodon":{"url":"https:\/\/pubeurope.com\/@se\/115629183841412329","error":""},"_links":{"self":[{"href":"https:\/\/www.europesays.com\/se\/wp-json\/wp\/v2\/posts\/92415","targetHints":{"allow":["GET"]}}],"collection":[{"href":"https:\/\/www.europesays.com\/se\/wp-json\/wp\/v2\/posts"}],"about":[{"href":"https:\/\/www.europesays.com\/se\/wp-json\/wp\/v2\/types\/post"}],"author":[{"embeddable":true,"href":"https:\/\/www.europesays.com\/se\/wp-json\/wp\/v2\/users\/2"}],"replies":[{"embeddable":true,"href":"https:\/\/www.europesays.com\/se\/wp-json\/wp\/v2\/comments?post=92415"}],"version-history":[{"count":0,"href":"https:\/\/www.europesays.com\/se\/wp-json\/wp\/v2\/posts\/92415\/revisions"}],"wp:featuredmedia":[{"embeddable":true,"href":"https:\/\/www.europesays.com\/se\/wp-json\/wp\/v2\/media\/92416"}],"wp:attachment":[{"href":"https:\/\/www.europesays.com\/se\/wp-json\/wp\/v2\/media?parent=92415"}],"wp:term":[{"taxonomy":"category","embeddable":true,"href":"https:\/\/www.europesays.com\/se\/wp-json\/wp\/v2\/categories?post=92415"},{"taxonomy":"post_tag","embeddable":true,"href":"https:\/\/www.europesays.com\/se\/wp-json\/wp\/v2\/tags?post=92415"}],"curies":[{"name":"wp","href":"https:\/\/api.w.org\/{rel}","templated":true}]}}