{"id":92419,"date":"2025-11-28T20:24:27","date_gmt":"2025-11-28T20:24:27","guid":{"rendered":"https:\/\/www.europesays.com\/se\/92419\/"},"modified":"2025-11-28T20:24:27","modified_gmt":"2025-11-28T20:24:27","slug":"regeringen-stoppar-digitala-nationella-prov-2","status":"publish","type":"post","link":"https:\/\/www.europesays.com\/se\/92419\/","title":{"rendered":"Regeringen stoppar digitala nationella prov"},"content":{"rendered":"<p>Regeringen stoppar planerna p\u00e5 digitala nationella prov, uppger gymnasie- och h\u00f6gskoleminister Lotta Edholm (L) f\u00f6r Ekot. <\/p>\n<p>Ett misslyckat systemtest ledde till att h\u00f6stens digitala prov st\u00e4lldes in.<\/p>\n<p>\u2013 De senaste testerna visar att det uppenbarligen inte fungerar och d\u00e5 kan vi inte l\u00e5ta elever, l\u00e4rare och rektorer leva med den h\u00e4r ovissheten, s\u00e4ger Edholm.<\/p>\n<p>Projektet har hittills kostat skattebetalarna strax under en miljard kronor. Om tre \u00e5r kan det \u00e5terigen bli aktuellt med digitala nationella prov, s\u00e4ger Edholm.<\/p>\n<p>Omni \u00e4r politiskt obundna och oberoende. Vi str\u00e4var efter att ge fler perspektiv p\u00e5 nyheterna. Har du fr\u00e5gor eller synpunkter kring v\u00e5r rapportering? <a href=\"https:\/\/omni.se\/regeringen-stoppar-digitala-nationella-prov\/a\/mailto:redaktion@omni.se\" class=\"ArticleActions_contactLink__W2F1M\" rel=\"nofollow noopener\" target=\"_blank\">Kontakta redaktionen<\/a><\/p>\n","protected":false},"excerpt":{"rendered":"Regeringen stoppar planerna p\u00e5 digitala nationella prov, uppger gymnasie- och h\u00f6gskoleminister Lotta Edholm (L) f\u00f6r Ekot. Ett misslyckat&hellip;\n","protected":false},"author":2,"featured_media":92420,"comment_status":"","ping_status":"","sticky":false,"template":"","format":"standard","meta":{"footnotes":""},"categories":[12],"tags":[22,23,26,27,17,21,24,25,1128,28,29,15,16,18,34,982,31,33,32,30,19,20,3027],"class_list":{"0":"post-92419","1":"post","2":"type-post","3":"status-publish","4":"format-standard","5":"has-post-thumbnail","7":"category-sverige","8":"tag-breaking-news","9":"tag-breakingnews","10":"tag-featured-news","11":"tag-featurednews","12":"tag-headlines","13":"tag-huvudnyheter","14":"tag-latest-news","15":"tag-latestnews","16":"tag-lotta-edholm","17":"tag-main-news","18":"tag-mainnews","19":"tag-news","20":"tag-nyheter","21":"tag-rubriker","22":"tag-se","23":"tag-skola-utbildning","24":"tag-svenska","25":"tag-sverige","26":"tag-sweden","27":"tag-swedish","28":"tag-top-stories","29":"tag-topstories","30":"tag-utbildningspolitik"},"share_on_mastodon":{"url":"https:\/\/pubeurope.com\/@se\/115629199426352094","error":""},"_links":{"self":[{"href":"https:\/\/www.europesays.com\/se\/wp-json\/wp\/v2\/posts\/92419","targetHints":{"allow":["GET"]}}],"collection":[{"href":"https:\/\/www.europesays.com\/se\/wp-json\/wp\/v2\/posts"}],"about":[{"href":"https:\/\/www.europesays.com\/se\/wp-json\/wp\/v2\/types\/post"}],"author":[{"embeddable":true,"href":"https:\/\/www.europesays.com\/se\/wp-json\/wp\/v2\/users\/2"}],"replies":[{"embeddable":true,"href":"https:\/\/www.europesays.com\/se\/wp-json\/wp\/v2\/comments?post=92419"}],"version-history":[{"count":0,"href":"https:\/\/www.europesays.com\/se\/wp-json\/wp\/v2\/posts\/92419\/revisions"}],"wp:featuredmedia":[{"embeddable":true,"href":"https:\/\/www.europesays.com\/se\/wp-json\/wp\/v2\/media\/92420"}],"wp:attachment":[{"href":"https:\/\/www.europesays.com\/se\/wp-json\/wp\/v2\/media?parent=92419"}],"wp:term":[{"taxonomy":"category","embeddable":true,"href":"https:\/\/www.europesays.com\/se\/wp-json\/wp\/v2\/categories?post=92419"},{"taxonomy":"post_tag","embeddable":true,"href":"https:\/\/www.europesays.com\/se\/wp-json\/wp\/v2\/tags?post=92419"}],"curies":[{"name":"wp","href":"https:\/\/api.w.org\/{rel}","templated":true}]}}