{"id":92430,"date":"2025-11-28T20:46:25","date_gmt":"2025-11-28T20:46:25","guid":{"rendered":"https:\/\/www.europesays.com\/se\/92430\/"},"modified":"2025-11-28T20:46:25","modified_gmt":"2025-11-28T20:46:25","slug":"tidslinjen-for-samsungs-one-ui-8-5-beta-program-avslojas-i-en-ny-lacka","status":"publish","type":"post","link":"https:\/\/www.europesays.com\/se\/92430\/","title":{"rendered":"Tidslinjen f\u00f6r Samsungs One UI 8.5 Beta-program avsl\u00f6jas i en ny l\u00e4cka"},"content":{"rendered":"<p>\t\t<a href=\"https:\/\/www.notebookcheck.se\/fileadmin\/Notebooks\/News\/_nc5\/samsung-galaxy-s25-series-teaser.jpg\" data-caption=\"Samsung Galaxy S25-serien: (Bildk\u00e4lla: Samsung)\" rel=\"nofollow noopener\" target=\"_blank\"><img decoding=\"async\" src=\"https:\/\/www.europesays.com\/se\/wp-content\/uploads\/2025\/11\/csm_samsung-galaxy-s25-series-teaser_f1cf7b8a36.jpg\" loading=\"lazy\" fetchpriority=\"high\" width=\"240\" height=\"180\" alt=\"Samsung Galaxy S25-serien: (Bildk\u00e4lla: Samsung)\"\/><\/a>Samsung Galaxy S25-serien: (Bildk\u00e4lla: Samsung)<\/p>\n<p>Samsung Galaxy anv\u00e4ndare som v\u00e4ntar p\u00e5 n\u00e4sta stora mjukvaruuppdatering kan markera sina kalendrar. En ny l\u00e4cka avsl\u00f6jar tidslinjen f\u00f6r beta-programmet One UI 8.5, som f\u00f6rv\u00e4ntas starta i december p\u00e5 viktiga marknader. Ta en titt p\u00e5 hela schemat h\u00e4r.<\/p>\n<p class=\"bodytext\"><a href=\"http:\/\/www.notebookcheck.net\/Samsung-could-be-rebranding-its-Neo-QLED-TVs-for-2026.1170516.0.html\" target=\"_self\" class=\"internal-link\" rel=\"nofollow noopener\">Samsung<\/a> f\u00f6rbereder sig enligt uppgift f\u00f6r att lansera beta-programmet f\u00f6r <a href=\"http:\/\/www.notebookcheck.net\/Samsung-s-One-UI-8-5-improvements-for-foldables-like-Galaxy-Z-Fold7-shown-ahead-of-schedule-in-early-video.1166723.0.html\" target=\"_self\" class=\"internal-link\" rel=\"nofollow noopener\">One UI 8.5<\/a>n\u00e4sta stora mjukvaruuppdatering f\u00f6r ber\u00e4ttigade Galaxy telefoner och surfplattor. Om de senaste l\u00e4ckorna \u00e4r sanna kan den officiella testfasen, som ursprungligen f\u00f6rv\u00e4ntades b\u00f6rja tidigare \u00e4n vanligt, b\u00f6rja mycket snart. &#13;<\/p>\n<p class=\"bodytext\">K\u00e4llor pekar nu p\u00e5 den 8 december som lanseringsdatum f\u00f6r den f\u00f6rsta fasen av beta-programmet f\u00f6r One UI 8.5. &#13;<\/p>\n<p class=\"bodytext\">Som svar p\u00e5 en Twitter-anv\u00e4ndare som delade det p\u00e5st\u00e5dda startdatumet f\u00f6r One UI 8.5 beta-programmet &#8211; den 8 december &#8211; backade tekniktipsaren Tarun Vats upp det och erbj\u00f6d mer information om det. &#13;<\/p>\n<p class=\"bodytext\">Enligt rapporten kommer utrullningen av One UI 8.5 beta att f\u00f6lja ett segmenterat, flerfasigt schema som \u00e4r vanligt f\u00f6r st\u00f6rre Samsung-uppdateringar. Tidslinjen kan vara f\u00f6ljande: <\/p>\n<ul>\n<li><b>Fas 1 (8 december)<\/b>: Den f\u00f6rsta betaversionen kommer enligt uppgift att n\u00e5 fyra initiala marknader: USA, Storbritannien, Korea och Tyskland.<\/li>\n<li><b>Fas 2 (22 december)<\/b>: Cirka tv\u00e5 veckor senare f\u00f6rv\u00e4ntas programmet utvidgas till att omfatta ytterligare tv\u00e5 regioner: Indien och Polen. Detta datum b\u00f6r \u00e4ven One UI 8.5 Beta 2-uppdateringen sl\u00e4ppas f\u00f6r anv\u00e4ndare p\u00e5 marknaderna i fas ett.<\/li>\n<li><b>Efterf\u00f6ljande versioner (i b\u00f6rjan av januari)<\/b>: En One UI 8.5 Beta 3 build kan komma s\u00e5 tidigt som den 5 januari 2026.<\/li>\n<\/ul>\n<p>Vad du kan f\u00f6rv\u00e4nta dig i One UI 8.5<\/p>\n<p class=\"bodytext\">Under n\u00e5gra veckor nu har tidiga firmware-versioner av One UI 8.5 <a href=\"http:\/\/www.notebookcheck.net\/Galaxy-S26-Plus-Samsung-draws-on-Galaxy-Z-Fold7-and-Galaxy-S25-Ultra-designs-for-Galaxy-S25-Plus-successor.1159816.0.html\" target=\"_self\" class=\"internal-link\" rel=\"nofollow noopener\">f\u00f6r Galaxy S25 Ultra<\/a> och <a href=\"http:\/\/www.notebookcheck.net\/Huawei-Mate-X7-launches-to-rival-Samsung-Galaxy-Z-Fold7-with-variable-aperture-camera-and-new-Kirin-9030-Pro-chipset.1170492.0.html\" target=\"_self\" class=\"internal-link\" rel=\"nofollow noopener\">Galaxy Z Fold 7<\/a> har l\u00e4ckt ut. Detta har avsl\u00f6jat att uppdateringen kommer att ge b\u00e5de visuella och funktionella uppgraderingar. Anv\u00e4ndare kan f\u00f6rv\u00e4nta sig nya funktioner och visuella designjusteringar, ut\u00f6ver nya AI-drivna funktioner. &#13;<\/p>\n<p class=\"bodytext\">Det \u00e4r v\u00e4rt att notera att Samsung \u00e4nnu inte har bekr\u00e4ftat datumen f\u00f6r One UI 8.5 Beta-programmet. S\u00e5 tidslinjen kan komma att \u00e4ndras. Men med k\u00e4llor som pekar p\u00e5 en start i b\u00f6rjan av december kan v\u00e4ntan p\u00e5 att Galaxy -anv\u00e4ndare ska f\u00e5 testa de senaste One UI-funktionerna snart vara \u00f6ver. <\/p>\n<p><a href=\"\"><img decoding=\"async\" src=\"https:\/\/www.europesays.com\/se\/wp-content\/uploads\/2025\/11\/csm_Jean-Leon-profile-image_fc7e6181e7.jpg\" loading=\"lazy\" width=\"120\" height=\"120\" alt=\"Jean Leon\"\/><\/a><a href=\"\"><img decoding=\"async\" src=\"https:\/\/www.europesays.com\/se\/wp-content\/uploads\/2025\/11\/1763336113_814_csm_ninh_duy_ee54bf9777.jpg\" loading=\"lazy\" width=\"120\" height=\"120\" alt=\"Ninh Duy\"\/><\/a>Translator: <a href=\"\" class=\"j_name\">Ninh Ngoc Duy<\/a> &#8211; Editorial Assistant  &#8211; 663404 articles published on Notebookcheck since 2008<\/p>\n","protected":false},"excerpt":{"rendered":"Samsung Galaxy S25-serien: (Bildk\u00e4lla: Samsung) Samsung Galaxy anv\u00e4ndare som v\u00e4ntar p\u00e5 n\u00e4sta stora mjukvaruuppdatering kan markera sina kalendrar.&hellip;\n","protected":false},"author":2,"featured_media":92431,"comment_status":"","ping_status":"","sticky":false,"template":"","format":"standard","meta":{"footnotes":""},"categories":[66],"tags":[7083,10686,7084,7085,10675,10685,10678,10684,10680,10682,10687,10679,10683,10681,10688,10677,10676,80,78,79,34,31,33,32,30,81,84,83,82],"class_list":{"0":"post-92430","1":"post","2":"type-post","3":"status-publish","4":"format-standard","5":"has-post-thumbnail","7":"category-vetenskap-och-teknik","8":"tag-barbar-dator","9":"tag-galaxy-s25-one-ui-8-5","10":"tag-laptop","11":"tag-notebook","12":"tag-one-ui-8-5-beta","13":"tag-one-ui-8-5-beta-8-december","14":"tag-one-ui-8-5-beta-slappdatum","15":"tag-one-ui-8-5-beta-startdatum","16":"tag-one-ui-8-5-beta-tidslinje","17":"tag-one-ui-8-5-beta-tidsram","18":"tag-one-ui-8-5-funktioner","19":"tag-one-ui-8-5-slappdatum","20":"tag-one-ui-8-5-tidslinje","21":"tag-one-ui-8-5-tidsram","22":"tag-samsung-beta-program-2025","23":"tag-samsung-galaxy-uppdatering","24":"tag-samsung-one-ui-8-5","25":"tag-science","26":"tag-science-and-technology","27":"tag-scienceandtechnology","28":"tag-se","29":"tag-svenska","30":"tag-sverige","31":"tag-sweden","32":"tag-swedish","33":"tag-technology","34":"tag-teknik","35":"tag-vetenskap","36":"tag-vetenskapteknik"},"share_on_mastodon":{"url":"","error":"Validation failed: Text character limit of 500 exceeded"},"_links":{"self":[{"href":"https:\/\/www.europesays.com\/se\/wp-json\/wp\/v2\/posts\/92430","targetHints":{"allow":["GET"]}}],"collection":[{"href":"https:\/\/www.europesays.com\/se\/wp-json\/wp\/v2\/posts"}],"about":[{"href":"https:\/\/www.europesays.com\/se\/wp-json\/wp\/v2\/types\/post"}],"author":[{"embeddable":true,"href":"https:\/\/www.europesays.com\/se\/wp-json\/wp\/v2\/users\/2"}],"replies":[{"embeddable":true,"href":"https:\/\/www.europesays.com\/se\/wp-json\/wp\/v2\/comments?post=92430"}],"version-history":[{"count":0,"href":"https:\/\/www.europesays.com\/se\/wp-json\/wp\/v2\/posts\/92430\/revisions"}],"wp:featuredmedia":[{"embeddable":true,"href":"https:\/\/www.europesays.com\/se\/wp-json\/wp\/v2\/media\/92431"}],"wp:attachment":[{"href":"https:\/\/www.europesays.com\/se\/wp-json\/wp\/v2\/media?parent=92430"}],"wp:term":[{"taxonomy":"category","embeddable":true,"href":"https:\/\/www.europesays.com\/se\/wp-json\/wp\/v2\/categories?post=92430"},{"taxonomy":"post_tag","embeddable":true,"href":"https:\/\/www.europesays.com\/se\/wp-json\/wp\/v2\/tags?post=92430"}],"curies":[{"name":"wp","href":"https:\/\/api.w.org\/{rel}","templated":true}]}}