{"id":92434,"date":"2025-11-28T20:48:08","date_gmt":"2025-11-28T20:48:08","guid":{"rendered":"https:\/\/www.europesays.com\/se\/92434\/"},"modified":"2025-11-28T20:48:08","modified_gmt":"2025-11-28T20:48:08","slug":"trump-upphaver-joe-bidens-dekret","status":"publish","type":"post","link":"https:\/\/www.europesays.com\/se\/92434\/","title":{"rendered":"Trump: Upph\u00e4ver Joe Bidens dekret"},"content":{"rendered":"<p>Trump skriver att alla dekret som signerats av Biden med \u201dautopen\u201d, en maskin som automatiskt reproducerar en persons handstil f\u00f6r att signera bland annat dokument, nu har rivits upp.<\/p>\n<p>D\u00e4rmed har dessa dekret ingen ytterligare verkan eller giltighet, h\u00e4vdar USA-presidenten.<\/p>\n<p>\u201dJoe Biden var inte involverad i autopen-processen och om han p\u00e5st\u00e5r att han var det kommer han att \u00e5talas\u201d, skriver Trump p\u00e5 sociala medieplattformen.<\/p>\n<p>Kleberg: Sv\u00e5rt att bed\u00f6ma effekterna<\/p>\n<p>Donald Trump uttrycker sig v\u00e4ldigt brett vilket g\u00f6r det sv\u00e5rt att bed\u00f6ma effekterna, enligt Carl Fridh Kleberg.<\/p>\n<p>\u2013 Men det finns oavsett ett signalv\u00e4rde i att lyfta detta och det \u00e4r n\u00e5got Trump g\u00e4rna vill rikta uppm\u00e4rksamheten mot, s\u00e4ger han.<\/p>\n","protected":false},"excerpt":{"rendered":"Trump skriver att alla dekret som signerats av Biden med \u201dautopen\u201d, en maskin som automatiskt reproducerar en persons&hellip;\n","protected":false},"author":2,"featured_media":92435,"comment_status":"","ping_status":"","sticky":false,"template":"","format":"standard","meta":{"footnotes":""},"categories":[14],"tags":[22,23,26,27,17,21,24,25,28,29,15,16,18,34,31,33,32,30,19,20,51,52,53,54],"class_list":{"0":"post-92434","1":"post","2":"type-post","3":"status-publish","4":"format-standard","5":"has-post-thumbnail","7":"category-varlden","8":"tag-breaking-news","9":"tag-breakingnews","10":"tag-featured-news","11":"tag-featurednews","12":"tag-headlines","13":"tag-huvudnyheter","14":"tag-latest-news","15":"tag-latestnews","16":"tag-main-news","17":"tag-mainnews","18":"tag-news","19":"tag-nyheter","20":"tag-rubriker","21":"tag-se","22":"tag-svenska","23":"tag-sverige","24":"tag-sweden","25":"tag-swedish","26":"tag-top-stories","27":"tag-topstories","28":"tag-varlden","29":"tag-world","30":"tag-world-news","31":"tag-worldnews"},"share_on_mastodon":{"url":"https:\/\/pubeurope.com\/@se\/115629293972017417","error":""},"_links":{"self":[{"href":"https:\/\/www.europesays.com\/se\/wp-json\/wp\/v2\/posts\/92434","targetHints":{"allow":["GET"]}}],"collection":[{"href":"https:\/\/www.europesays.com\/se\/wp-json\/wp\/v2\/posts"}],"about":[{"href":"https:\/\/www.europesays.com\/se\/wp-json\/wp\/v2\/types\/post"}],"author":[{"embeddable":true,"href":"https:\/\/www.europesays.com\/se\/wp-json\/wp\/v2\/users\/2"}],"replies":[{"embeddable":true,"href":"https:\/\/www.europesays.com\/se\/wp-json\/wp\/v2\/comments?post=92434"}],"version-history":[{"count":0,"href":"https:\/\/www.europesays.com\/se\/wp-json\/wp\/v2\/posts\/92434\/revisions"}],"wp:featuredmedia":[{"embeddable":true,"href":"https:\/\/www.europesays.com\/se\/wp-json\/wp\/v2\/media\/92435"}],"wp:attachment":[{"href":"https:\/\/www.europesays.com\/se\/wp-json\/wp\/v2\/media?parent=92434"}],"wp:term":[{"taxonomy":"category","embeddable":true,"href":"https:\/\/www.europesays.com\/se\/wp-json\/wp\/v2\/categories?post=92434"},{"taxonomy":"post_tag","embeddable":true,"href":"https:\/\/www.europesays.com\/se\/wp-json\/wp\/v2\/tags?post=92434"}],"curies":[{"name":"wp","href":"https:\/\/api.w.org\/{rel}","templated":true}]}}