{"id":92440,"date":"2025-11-28T20:56:09","date_gmt":"2025-11-28T20:56:09","guid":{"rendered":"https:\/\/www.europesays.com\/se\/92440\/"},"modified":"2025-11-28T20:56:09","modified_gmt":"2025-11-28T20:56:09","slug":"aktivklubb-sverige-ska-marschera-i-stockholm-den-29-november","status":"publish","type":"post","link":"https:\/\/www.europesays.com\/se\/92440\/","title":{"rendered":"Aktivklubb Sverige ska marschera i Stockholm den 29 november"},"content":{"rendered":"<p class=\"sc-c25743f0-0 sc-e37c0145-2 hObFds DQgPn\">Aktivklubb Sverige, som finns p\u00e5 m\u00e5nga platser i Sverige, uppmanar alla sina anh\u00e4ngare att delta i en marsch i Stockholm under l\u00f6rdagskv\u00e4llen. \u00a0<\/p>\n<p class=\"sc-c25743f0-0 sc-e37c0145-2 hObFds DQgPn\">I sina kanaler uppmanar gruppen deltagare att ansluta sig till ett t\u00e5g, b\u00e4ra banderoller och \u201dg\u00f6ra sin insats f\u00f6r saken\u201d. \u00a0<\/p>\n<p class=\"sc-c25743f0-0 sc-e37c0145-2 hObFds DQgPn\">\u201dALLA TILL STOCKHOLM\u201d och \u201dDyk upp och visa v\u00e4rlden att det finns en ny generation svenskar som inte skriver under p\u00e5 att bli utbytta i sitt eget land!\u201d, skriver man.\u00a0<\/p>\n<p class=\"sc-c25743f0-0 sc-e37c0145-2 hObFds DQgPn\">Datumet \u00e4r ingen slump. Den 30 november 1718 dog kung Karl XII i Fredrikshald i Norge, och \u00e5rsdagen har l\u00e4nge varit viktig f\u00f6r den svenska extremh\u00f6gern. \u00a0 \u00a0<\/p>\n<p class=\"sc-c25743f0-0 sc-e37c0145-2 hObFds DQgPn\">Det som skiljer sig i \u00e5r \u00e4r att aktionerna ska genomf\u00f6ras redan den 29.<\/p>\n<p class=\"sc-c25743f0-0 sc-e37c0145-2 hObFds DQgPn\">\u201dTill \u00e4ra av svenska hj\u00e4ltar genom tiderna kommer vi styra upp n\u00e5gra grymma aktioner i Stockholm under sista helgen i november\u201d, heter det i inbjudan. \u00a0<\/p>\n<p><strong>Saknar tillst\u00e5nd<\/strong><\/p>\n<p class=\"sc-c25743f0-0 sc-e37c0145-2 hObFds DQgPn\">Polisen \u00e4r medveten om den planerade marschen.\u00a0<\/p>\n<p class=\"sc-c25743f0-0 sc-e37c0145-2 hObFds DQgPn\">\u00a0\u2013 Vi ha noterat det som ni har noterat. Stockholm city har alltid en resurs kring den 30 november f\u00f6r att hantera opinionsyttringar, s\u00e4ger polisen.\u00a0<\/p>\n<p class=\"sc-c25743f0-0 sc-e37c0145-2 hObFds DQgPn\">N\u00e5got demonstrationstillst\u00e5nd f\u00f6r den 29 november finns inte. Alternativ f\u00f6r Sverige har  d\u00e4remot beviljats ett tillst\u00e5nd f\u00f6r den 30 november. <\/p>\n<p class=\"sc-c25743f0-0 sc-e37c0145-2 hObFds DQgPn\">Polisen bed\u00f6mer \u00e4nd\u00e5 situationen som hanterbar.\u00a0<\/p>\n<p class=\"sc-c25743f0-0 sc-e37c0145-2 hObFds DQgPn\">\u2013 Det har p\u00e5g\u00e5tt sedan b\u00f6rjan av 90-talet, kring den 30 november, och vi har bra kunskaper kring vad det \u00e4r. F\u00f6rra \u00e5ret blev det inte v\u00e5ldsamt och vi tror inte att det blir det i \u00e5r heller.\u00a0<\/p>\n<p class=\"sc-c25743f0-0 sc-e37c0145-2 hObFds DQgPn\">Enligt polisens Ola \u00d6sterling har det g\u00e5tt l\u00e5ng tid sedan det f\u00f6rekommit n\u00e5gra st\u00f6rre sammandrabbningar i samband med datumet.\u00a0<\/p>\n<p><strong>Salemmarschen \u00e5teruppst\u00e5r<\/strong><\/p>\n<p class=\"sc-c25743f0-0 sc-e37c0145-2 hObFds DQgPn\">Samtidigt p\u00e5g\u00e5r ytterligare mobilisering inom den h\u00f6gerextrema milj\u00f6n. <a href=\"https:\/\/www.tv4.se\/artikel\/5INOpJi7vhXHc71452kmzr\/salemmarschen-ateruppstar-nmr-och-aktivklubbar-i-samarbete\" class=\"pcc\" target=\"_top\" rel=\"nofollow noopener\">I b\u00f6rjan av december \u00e5terupptas den s\u00e5 kallade Salemmarschen<\/a> \u2013 f\u00f6r f\u00f6rsta g\u00e5ngen sedan 2010. \u00a0<\/p>\n<p class=\"sc-c25743f0-0 sc-e37c0145-2 hObFds DQgPn\">Marschen h\u00f6lls tidigare \u00e5rligen till minnet av den 17-\u00e5rige pojke som m\u00f6rdades i Salem \u00e5r 2000 och blev under 2000-talet en av Nordens st\u00f6rsta samlingspunkter f\u00f6r vit makt-r\u00f6relsen.\u00a0<\/p>\n<p class=\"sc-c25743f0-0 sc-e37c0145-2 hObFds DQgPn\">Initiativet kommer fr\u00e5n Nordiska motst\u00e5ndsr\u00f6relsen, NMR, som skickat ut inbjudningen. Andra grupper, d\u00e4ribland Aktivklubb Sverige, sprider inbjudan vidare i sina egna kanaler.\u00a0<\/p>\n<p class=\"sc-c25743f0-0 sc-e37c0145-2 hObFds DQgPn\">Jonathan Leman vid Expo ser utvecklingen som ett tecken p\u00e5 f\u00f6r\u00e4ndring inom den svenska extremh\u00f6gern.\u00a0<\/p>\n<p class=\"sc-c25743f0-0 sc-e37c0145-2 hObFds DQgPn\">\u2013 Det \u00e4r en f\u00f6ljd av att NMR har ett mer pragmatiskt ledarskap nu. Man f\u00f6rs\u00f6ker samarbeta \u00f6ver organisationsgr\u00e4nserna, s\u00e4ger Leman till TV4 Nyheterna.\u00a0<\/p>\n","protected":false},"excerpt":{"rendered":"Aktivklubb Sverige, som finns p\u00e5 m\u00e5nga platser i Sverige, uppmanar alla sina anh\u00e4ngare att delta i en marsch&hellip;\n","protected":false},"author":2,"featured_media":92441,"comment_status":"","ping_status":"","sticky":false,"template":"","format":"standard","meta":{"footnotes":""},"categories":[14],"tags":[22,23,26,27,17,21,24,25,28,29,15,16,18,34,31,33,32,30,19,20,51,52,53,54],"class_list":{"0":"post-92440","1":"post","2":"type-post","3":"status-publish","4":"format-standard","5":"has-post-thumbnail","7":"category-varlden","8":"tag-breaking-news","9":"tag-breakingnews","10":"tag-featured-news","11":"tag-featurednews","12":"tag-headlines","13":"tag-huvudnyheter","14":"tag-latest-news","15":"tag-latestnews","16":"tag-main-news","17":"tag-mainnews","18":"tag-news","19":"tag-nyheter","20":"tag-rubriker","21":"tag-se","22":"tag-svenska","23":"tag-sverige","24":"tag-sweden","25":"tag-swedish","26":"tag-top-stories","27":"tag-topstories","28":"tag-varlden","29":"tag-world","30":"tag-world-news","31":"tag-worldnews"},"share_on_mastodon":{"url":"https:\/\/pubeurope.com\/@se\/115629325350875558","error":""},"_links":{"self":[{"href":"https:\/\/www.europesays.com\/se\/wp-json\/wp\/v2\/posts\/92440","targetHints":{"allow":["GET"]}}],"collection":[{"href":"https:\/\/www.europesays.com\/se\/wp-json\/wp\/v2\/posts"}],"about":[{"href":"https:\/\/www.europesays.com\/se\/wp-json\/wp\/v2\/types\/post"}],"author":[{"embeddable":true,"href":"https:\/\/www.europesays.com\/se\/wp-json\/wp\/v2\/users\/2"}],"replies":[{"embeddable":true,"href":"https:\/\/www.europesays.com\/se\/wp-json\/wp\/v2\/comments?post=92440"}],"version-history":[{"count":0,"href":"https:\/\/www.europesays.com\/se\/wp-json\/wp\/v2\/posts\/92440\/revisions"}],"wp:featuredmedia":[{"embeddable":true,"href":"https:\/\/www.europesays.com\/se\/wp-json\/wp\/v2\/media\/92441"}],"wp:attachment":[{"href":"https:\/\/www.europesays.com\/se\/wp-json\/wp\/v2\/media?parent=92440"}],"wp:term":[{"taxonomy":"category","embeddable":true,"href":"https:\/\/www.europesays.com\/se\/wp-json\/wp\/v2\/categories?post=92440"},{"taxonomy":"post_tag","embeddable":true,"href":"https:\/\/www.europesays.com\/se\/wp-json\/wp\/v2\/tags?post=92440"}],"curies":[{"name":"wp","href":"https:\/\/api.w.org\/{rel}","templated":true}]}}