{"id":92462,"date":"2025-11-28T21:20:13","date_gmt":"2025-11-28T21:20:13","guid":{"rendered":"https:\/\/www.europesays.com\/se\/92462\/"},"modified":"2025-11-28T21:20:13","modified_gmt":"2025-11-28T21:20:13","slug":"usa-star-pa-rysslands-sida-trump-bryr-sig-bara-om-affarer","status":"publish","type":"post","link":"https:\/\/www.europesays.com\/se\/92462\/","title":{"rendered":"USA st\u00e5r p\u00e5 Rysslands sida \u2013 Trump bryr sig bara om aff\u00e4rer"},"content":{"rendered":"<p>Om Donald Trump erk\u00e4nner ockuperade ukrainska omr\u00e5den som ryska vore det ett stort steg mot en mycket os\u00e4ker v\u00e4rld d\u00e4r stormakter g\u00f6r vad de vill. Det s\u00e4ger Jakob Hedenskog, \u00d6steuropaanalytiker vid Utrikespolitiska institutet, till GP.<\/p>\n<p>Hedenskog skulle inte bli f\u00f6rv\u00e5nad om det sker \u2013 Trumps enda m\u00e5l \u00e4r aff\u00e4rsuppg\u00f6relser med Ryssland, och kriget \u00e4r ett st\u00f6rningsmoment som st\u00e5r i v\u00e4gen, s\u00e4ger han.<\/p>\n<p>Det vore ocks\u00e5 \u00e4nnu ett bevis p\u00e5 att Trump i slut\u00e4ndan alltid f\u00f6ljer Rysslands linje, till\u00e4gger Hedenskog.<\/p>\n<p>\u2013 Vi kan inte l\u00e4ngre betrakta USA som en opartisk medlare i detta. USA st\u00e5r p\u00e5 Rysslands sida.<\/p>\n<p>Omni \u00e4r politiskt obundna och oberoende. Vi str\u00e4var efter att ge fler perspektiv p\u00e5 nyheterna. Har du fr\u00e5gor eller synpunkter kring v\u00e5r rapportering? <a href=\"https:\/\/omni.se\/expert-usa-star-pa-rysslands-sida-trump-bryr-sig-bara-om-affarer\/a\/mailto:redaktion@omni.se\" class=\"ArticleActions_contactLink__W2F1M\" rel=\"nofollow noopener\" target=\"_blank\">Kontakta redaktionen<\/a><\/p>\n","protected":false},"excerpt":{"rendered":"Om Donald Trump erk\u00e4nner ockuperade ukrainska omr\u00e5den som ryska vore det ett stort steg mot en mycket os\u00e4ker&hellip;\n","protected":false},"author":2,"featured_media":92463,"comment_status":"","ping_status":"","sticky":false,"template":"","format":"standard","meta":{"footnotes":""},"categories":[14],"tags":[387,22,23,385,267,26,27,17,21,24,25,28,29,15,268,16,18,269,264,34,31,33,32,30,19,20,263,74,719,51,52,53,54],"class_list":{"0":"post-92462","1":"post","2":"type-post","3":"status-publish","4":"format-standard","5":"has-post-thumbnail","7":"category-varlden","8":"tag-amerikansk-politik","9":"tag-breaking-news","10":"tag-breakingnews","11":"tag-donald-trump","12":"tag-europa","13":"tag-featured-news","14":"tag-featurednews","15":"tag-headlines","16":"tag-huvudnyheter","17":"tag-latest-news","18":"tag-latestnews","19":"tag-main-news","20":"tag-mainnews","21":"tag-news","22":"tag-nordamerika","23":"tag-nyheter","24":"tag-rubriker","25":"tag-ryska-invasionen","26":"tag-ryssland","27":"tag-se","28":"tag-svenska","29":"tag-sverige","30":"tag-sweden","31":"tag-swedish","32":"tag-top-stories","33":"tag-topstories","34":"tag-ukraina","35":"tag-usa","36":"tag-utrikespolitiska-institutet","37":"tag-varlden","38":"tag-world","39":"tag-world-news","40":"tag-worldnews"},"share_on_mastodon":{"url":"https:\/\/pubeurope.com\/@se\/115629419629548871","error":""},"_links":{"self":[{"href":"https:\/\/www.europesays.com\/se\/wp-json\/wp\/v2\/posts\/92462","targetHints":{"allow":["GET"]}}],"collection":[{"href":"https:\/\/www.europesays.com\/se\/wp-json\/wp\/v2\/posts"}],"about":[{"href":"https:\/\/www.europesays.com\/se\/wp-json\/wp\/v2\/types\/post"}],"author":[{"embeddable":true,"href":"https:\/\/www.europesays.com\/se\/wp-json\/wp\/v2\/users\/2"}],"replies":[{"embeddable":true,"href":"https:\/\/www.europesays.com\/se\/wp-json\/wp\/v2\/comments?post=92462"}],"version-history":[{"count":0,"href":"https:\/\/www.europesays.com\/se\/wp-json\/wp\/v2\/posts\/92462\/revisions"}],"wp:featuredmedia":[{"embeddable":true,"href":"https:\/\/www.europesays.com\/se\/wp-json\/wp\/v2\/media\/92463"}],"wp:attachment":[{"href":"https:\/\/www.europesays.com\/se\/wp-json\/wp\/v2\/media?parent=92462"}],"wp:term":[{"taxonomy":"category","embeddable":true,"href":"https:\/\/www.europesays.com\/se\/wp-json\/wp\/v2\/categories?post=92462"},{"taxonomy":"post_tag","embeddable":true,"href":"https:\/\/www.europesays.com\/se\/wp-json\/wp\/v2\/tags?post=92462"}],"curies":[{"name":"wp","href":"https:\/\/api.w.org\/{rel}","templated":true}]}}