{"id":92468,"date":"2025-11-28T21:28:09","date_gmt":"2025-11-28T21:28:09","guid":{"rendered":"https:\/\/www.europesays.com\/se\/92468\/"},"modified":"2025-11-28T21:28:09","modified_gmt":"2025-11-28T21:28:09","slug":"trump-haver-merparten-av-bidens-dekret","status":"publish","type":"post","link":"https:\/\/www.europesays.com\/se\/92468\/","title":{"rendered":"Trump h\u00e4ver merparten av Bidens dekret"},"content":{"rendered":"<p>USA:s president Donald Trump upph\u00e4ver alla Joe Bidens presidentdekret som undertecknats p\u00e5 mekanisk v\u00e4g av en s\u00e5 kallad \u201dautopen\u201d. Det r\u00f6r sig om cirka 92 procent av alla Bidens dekret, skriver Trump p\u00e5 plattformen Truth Social.<\/p>\n<p>Trump skriver att besluten \u00e4r olagliga eftersom \u201dradikala v\u00e4nstergalningar\u201d kopierat Bidens namnteckning med en \u201dautopen\u201d utan dennes samtycke.<\/p>\n<p>Enligt CNN har s\u00e5dan teknik anv\u00e4nts av och till sedan b\u00f6rjan av 1800-talet, \u00e4ven inom Trumps administration.<\/p>\n","protected":false},"excerpt":{"rendered":"USA:s president Donald Trump upph\u00e4ver alla Joe Bidens presidentdekret som undertecknats p\u00e5 mekanisk v\u00e4g av en s\u00e5 kallad&hellip;\n","protected":false},"author":2,"featured_media":793,"comment_status":"","ping_status":"","sticky":false,"template":"","format":"standard","meta":{"footnotes":""},"categories":[14],"tags":[22,23,26,27,17,21,24,25,28,29,15,16,18,34,31,33,32,30,19,20,51,52,53,54],"class_list":{"0":"post-92468","1":"post","2":"type-post","3":"status-publish","4":"format-standard","5":"has-post-thumbnail","7":"category-varlden","8":"tag-breaking-news","9":"tag-breakingnews","10":"tag-featured-news","11":"tag-featurednews","12":"tag-headlines","13":"tag-huvudnyheter","14":"tag-latest-news","15":"tag-latestnews","16":"tag-main-news","17":"tag-mainnews","18":"tag-news","19":"tag-nyheter","20":"tag-rubriker","21":"tag-se","22":"tag-svenska","23":"tag-sverige","24":"tag-sweden","25":"tag-swedish","26":"tag-top-stories","27":"tag-topstories","28":"tag-varlden","29":"tag-world","30":"tag-world-news","31":"tag-worldnews"},"share_on_mastodon":{"url":"https:\/\/pubeurope.com\/@se\/115629451079781550","error":""},"_links":{"self":[{"href":"https:\/\/www.europesays.com\/se\/wp-json\/wp\/v2\/posts\/92468","targetHints":{"allow":["GET"]}}],"collection":[{"href":"https:\/\/www.europesays.com\/se\/wp-json\/wp\/v2\/posts"}],"about":[{"href":"https:\/\/www.europesays.com\/se\/wp-json\/wp\/v2\/types\/post"}],"author":[{"embeddable":true,"href":"https:\/\/www.europesays.com\/se\/wp-json\/wp\/v2\/users\/2"}],"replies":[{"embeddable":true,"href":"https:\/\/www.europesays.com\/se\/wp-json\/wp\/v2\/comments?post=92468"}],"version-history":[{"count":0,"href":"https:\/\/www.europesays.com\/se\/wp-json\/wp\/v2\/posts\/92468\/revisions"}],"wp:featuredmedia":[{"embeddable":true,"href":"https:\/\/www.europesays.com\/se\/wp-json\/wp\/v2\/media\/793"}],"wp:attachment":[{"href":"https:\/\/www.europesays.com\/se\/wp-json\/wp\/v2\/media?parent=92468"}],"wp:term":[{"taxonomy":"category","embeddable":true,"href":"https:\/\/www.europesays.com\/se\/wp-json\/wp\/v2\/categories?post=92468"},{"taxonomy":"post_tag","embeddable":true,"href":"https:\/\/www.europesays.com\/se\/wp-json\/wp\/v2\/tags?post=92468"}],"curies":[{"name":"wp","href":"https:\/\/api.w.org\/{rel}","templated":true}]}}