{"id":92478,"date":"2025-11-28T21:54:43","date_gmt":"2025-11-28T21:54:43","guid":{"rendered":"https:\/\/www.europesays.com\/se\/92478\/"},"modified":"2025-11-28T21:54:43","modified_gmt":"2025-11-28T21:54:43","slug":"beslut-fattat-klonforeningar-ska-avvecklas-inom-svensk-fotboll-fotboll","status":"publish","type":"post","link":"https:\/\/www.europesays.com\/se\/92478\/","title":{"rendered":"Beslut fattat: Klonf\u00f6reningar ska avvecklas inom svensk fotboll | Fotboll"},"content":{"rendered":"<p>Publicerad 28 nov 2025 kl 14.00Uppdaterad kl 19.23<\/p>\n<p>P\u00e5 sikt ska klonf\u00f6reningar avvecklas inom svensk fotboll.<\/p>\n<p>Och f\u00f6rbjudas.<\/p>\n<p>Det beslutet fattades under SvFF:s representantskapsm\u00f6te.<\/p>\n<p>\u2013 Ett v\u00e4ntat beslut, s\u00e4ger Hammarby IF:s vd Richard von Yxkull.<\/p>\n<p><img   alt=\"\"\/><\/p>\n<p>Hammarby TFF.<\/p>\n<p>Foto: JOHAN BERNSTR\u00d6M \/ BILDBYR\u00c5N<\/p>\n<p>\u00d6ppna bild i helsk\u00e4rm<\/p>\n<p>Fenomenet klonf\u00f6reningar har l\u00e4nge varit omdiskuterat. Inte minst kopplat till Hammarby TFF och deras nyligen avslutade kval till superettan.<\/p>\n<p>Tidigare i \u00e5r f\u00f6reslog Svenska fotbollf\u00f6rbundet, i ett remissutskick, att klonf\u00f6reningar ska f\u00f6rbjudas. SvFF pekade d\u00e5, bland annat, p\u00e5 att fenomenet inte var f\u00f6renligt med SvFF:s, Uefa:s eller Fifa:s regelverk.<\/p>\n<p>Dessutom riskerar fenomenet att ge upphov till demokratiska och sportsliga problem som inte \u00e4r \u00f6nskv\u00e4rda inom svensk fotboll, skrev SvFF.s t\u00e4vlingsutvecklingskommitt\u00e9 och tillade:<\/p>\n<p>\u201dKlonf\u00f6reningarna b\u00f6r s\u00e5ledes i st\u00f6rsta m\u00f6jliga utstr\u00e4ckning f\u00f6rbjudas och avvecklas\u201d.<\/p>\n<p>Under fredagen genomf\u00f6rdes \u00e5rets upplaga av SvFF:s representantskapsm\u00f6te. D\u00e4r togs f\u00f6rslaget fr\u00e5n SvFF:s f\u00f6rbundsstyrelse om att p\u00e5 sikt avveckla klonf\u00f6reningar, samt de s\u00e5 kallade fotbollsutvecklande f\u00f6reningssamarbetena, inom svensk fotboll upp \u2013 och r\u00f6stades igenom.<\/p>\n<p>Ett f\u00f6rslag om hur avvecklingen ska g\u00e5 tillv\u00e4ga kommer nu att tas fram av f\u00f6rbundsstyrelsen. Dessutom ska det utredas huruvida andralag ska till\u00e5tas inom svensk fotboll eller inte.<\/p>\n<p>Eftersom den n\u00e4mna utredningen ska genomf\u00f6ras innan klonf\u00f6reningarna och de fotbollsutvecklande f\u00f6reningssamarbetena ska avvecklas, kommer regelverket vara of\u00f6r\u00e4ndrat n\u00e4sta s\u00e4song, samt sannolikt ytterligare ett par s\u00e4songer fram\u00f6ver, meddelar SvFF.<\/p>\n<p>\u2013 En tydlig majoritet \u00e4r \u00f6verens om att klonf\u00f6reningar och FFS (fotbollsutvecklande f\u00f6reningssamarbeten) beh\u00f6ver f\u00f6rbjudas\/avvecklas, men genomf\u00f6randet \u00e4r helt beroende av andralagsfr\u00e5gan, s\u00e4ger Axel Fagerh\u00e4ll, gruppchef f\u00f6r f\u00f6rbundets t\u00e4vlingsgrupp.<\/p>\n<p>Richard von Yxkull, vd i Hammarby IF, om fredagens beslut:<\/p>\n<p>\u2013 Ett v\u00e4ntat beslut och ett beslut som vi v\u00e4lkomnar. Anledningen till att det finns samarbetsklubbar och klonf\u00f6reningar \u00e4r ju att vi inte har en tydlig struktur och ett tydligt regelverk f\u00f6r hur det ska fungera.<\/p>\n<p><strong>Inneb\u00e4r beslutet n\u00e5gra f\u00f6r\u00e4ndringar f\u00f6r er h\u00e4r och nu?<\/strong><\/p>\n<p>\u2013 Inte p\u00e5 kort sikt. Men p\u00e5 l\u00e4ngre sikt f\u00e5r vi se vad man kommer fram till. Det finns ju ocks\u00e5 en stor fr\u00e5ga om hur man ska g\u00f6ra de h\u00e4r f\u00f6r\u00e4ndringarna.\u00a0<\/p>\n<p>Under fredagens representantskapsm\u00f6te beslutades det ocks\u00e5 om ett nytt kvalformat mellan allsvenskan och superettan. Fr\u00e5n och med n\u00e4sta s\u00e4song kommer superettans plats i kvalet avg\u00f6ras genom ett playoff-m\u00f6te (hemma\/borta) mellan lag tre och fyra i tabellen \u2013 d\u00e4r vinnaren sedan m\u00f6ter lag 14 fr\u00e5n allsvenskan.<\/p>\n","protected":false},"excerpt":{"rendered":"Publicerad 28 nov 2025 kl 14.00Uppdaterad kl 19.23 P\u00e5 sikt ska klonf\u00f6reningar avvecklas inom svensk fotboll. Och f\u00f6rbjudas.&hellip;\n","protected":false},"author":2,"featured_media":92479,"comment_status":"","ping_status":"","sticky":false,"template":"","format":"standard","meta":{"footnotes":""},"categories":[5],"tags":[22,23,26,27,17,21,24,25,28,29,15,16,18,34,129,31,33,32,30,19,20],"class_list":{"0":"post-92478","1":"post","2":"type-post","3":"status-publish","4":"format-standard","5":"has-post-thumbnail","7":"category-rubriker","8":"tag-breaking-news","9":"tag-breakingnews","10":"tag-featured-news","11":"tag-featurednews","12":"tag-headlines","13":"tag-huvudnyheter","14":"tag-latest-news","15":"tag-latestnews","16":"tag-main-news","17":"tag-mainnews","18":"tag-news","19":"tag-nyheter","20":"tag-rubriker","21":"tag-se","22":"tag-sections-fotboll","23":"tag-svenska","24":"tag-sverige","25":"tag-sweden","26":"tag-swedish","27":"tag-top-stories","28":"tag-topstories"},"share_on_mastodon":{"url":"https:\/\/pubeurope.com\/@se\/115629553298519431","error":""},"_links":{"self":[{"href":"https:\/\/www.europesays.com\/se\/wp-json\/wp\/v2\/posts\/92478","targetHints":{"allow":["GET"]}}],"collection":[{"href":"https:\/\/www.europesays.com\/se\/wp-json\/wp\/v2\/posts"}],"about":[{"href":"https:\/\/www.europesays.com\/se\/wp-json\/wp\/v2\/types\/post"}],"author":[{"embeddable":true,"href":"https:\/\/www.europesays.com\/se\/wp-json\/wp\/v2\/users\/2"}],"replies":[{"embeddable":true,"href":"https:\/\/www.europesays.com\/se\/wp-json\/wp\/v2\/comments?post=92478"}],"version-history":[{"count":0,"href":"https:\/\/www.europesays.com\/se\/wp-json\/wp\/v2\/posts\/92478\/revisions"}],"wp:featuredmedia":[{"embeddable":true,"href":"https:\/\/www.europesays.com\/se\/wp-json\/wp\/v2\/media\/92479"}],"wp:attachment":[{"href":"https:\/\/www.europesays.com\/se\/wp-json\/wp\/v2\/media?parent=92478"}],"wp:term":[{"taxonomy":"category","embeddable":true,"href":"https:\/\/www.europesays.com\/se\/wp-json\/wp\/v2\/categories?post=92478"},{"taxonomy":"post_tag","embeddable":true,"href":"https:\/\/www.europesays.com\/se\/wp-json\/wp\/v2\/tags?post=92478"}],"curies":[{"name":"wp","href":"https:\/\/api.w.org\/{rel}","templated":true}]}}