{"id":92488,"date":"2025-11-28T22:32:19","date_gmt":"2025-11-28T22:32:19","guid":{"rendered":"https:\/\/www.europesays.com\/se\/92488\/"},"modified":"2025-11-28T22:32:19","modified_gmt":"2025-11-28T22:32:19","slug":"efter-washington-dadet-usa-ska-granska-visum-2","status":"publish","type":"post","link":"https:\/\/www.europesays.com\/se\/92488\/","title":{"rendered":"Efter Washington-d\u00e5det: USA ska granska visum"},"content":{"rendered":"<p class=\"boxtextgrotesk-root_baa6 hyperion-css-7pajle\">Publicerad 2025-11-27 22.50<\/p>\n<p>share-arrowDela<\/p>\n<p>unsaveSpara<\/p>\n<p>expand-left<\/p>\n<p>helsk\u00e4rm<img decoding=\"async\" class=\"image-asset hyperion-css-u06ts1\" data-test-tag=\"image-asset\" src=\"https:\/\/www.europesays.com\/se\/wp-content\/uploads\/2025\/11\/64fd3600-e70c-4e7a-a655-9d3cd447d3f6\"  alt=\"USA vill kunna stoppa medborgare fr\u00e5n vissa l\u00e4nder att f\u00e5 visum, efter skottd\u00e5det i Washington p\u00e5 onsdagen. P\u00e5 bilden nationalgardets bas i huvudstaden.\"  loading=\"eager\" fetchpriority=\"high\" style=\"aspect-ratio:1900 \/ 1268\"\/>USA vill kunna stoppa medborgare fr\u00e5n vissa l\u00e4nder att f\u00e5 visum, efter skottd\u00e5det i Washington p\u00e5 onsdagen. P\u00e5 bilden nationalgardets bas i huvudstaden. Foto: Cliff Owen\/AP\/TT<\/p>\n<p class=\"hyperion-css-1shl3oz\" data-test-tag=\"lead-text\">USA ska se \u00f6ver redan utf\u00e4rdade permanenta visum fr\u00e5n \u201dvissa l\u00e4nder\u201d, uppger chefen f\u00f6r migrationsmyndigheten USCIS.<\/p>\n<p class=\"hyperion-css-1v9qo5x\">Visumen, s\u00e5 kallade \u201dgreen card\u201d, som ska granskas g\u00e4ller medborgare fr\u00e5n 19 l\u00e4nder som uppges \u201dv\u00e4cka oro\u201d, enligt USCIS-chefen Joseph Edlow.<\/p>\n<p class=\"hyperion-css-1v9qo5x\">Han skriver p\u00e5 X att beskedet om ompr\u00f6vningar kommer efter order fr\u00e5n president Donald Trump.<\/p>\n<p class=\"hyperion-css-1v9qo5x\">P\u00e5 en fr\u00e5ga fr\u00e5n amerikanska medier om exakt vilka l\u00e4nder det g\u00e4ller h\u00e4nvisar USCIS till en presidentorder fr\u00e5n juni, d\u00e4r Trump n\u00e4mner bland annat Afghanistan, Iran, Haiti och Venezuela.<\/p>\n<p class=\"hyperion-css-1v9qo5x\">Trump sade tidigare p\u00e5 torsdagen att han vill att \u201dvarje enskild utl\u00e4nning som har kommit in i v\u00e5rt land fr\u00e5n Afghanistan\u201d ska ompr\u00f6vas och att alla migrations\u00e4renden som r\u00f6r afghanska medborgare ska pausas.<\/p>\n<p class=\"hyperion-css-1v9qo5x\">Den misst\u00e4nkte g\u00e4rningsmannen som p\u00e5 onsdagen sk\u00f6t tv\u00e5 soldater i USA:s nationalgarde \u00e4r afghansk medborgare och uppges ha stridit med USA:s styrkor i Afghanistan och samarbetat med CIA. Han \u00e4r bosatt i delstaten Washington p\u00e5 USA:s v\u00e4stkust.<\/p>\n<p class=\"hyperion-css-1v9qo5x\">Han kom till USA i september 2021 och fick asyl i landet i v\u00e5ras.<\/p>\n<p class=\"hyperion-css-1v9qo5x\">Fr\u00e5n Trump-sidan h\u00e4vdas att mannen inte borde ha f\u00e5tt komma in i USA och att han bara fick det p\u00e5 grund av ett beslut av f\u00f6re presidenten Joe Biden. Han fick dock asyl n\u00e4r Trump var president.<\/p>\n<p class=\"hyperion-css-1v9qo5x\">\u201dDet amerikanska folket ska inte beh\u00f6va lida f\u00f6r den tidigare regeringens omd\u00f6mesl\u00f6sa omlokaliseringspolitik\u201d, skriver Joseph Edlow i sitt inl\u00e4gg p\u00e5 X.<\/p>\n","protected":false},"excerpt":{"rendered":"Publicerad 2025-11-27 22.50 share-arrowDela unsaveSpara expand-left helsk\u00e4rmUSA vill kunna stoppa medborgare fr\u00e5n vissa l\u00e4nder att f\u00e5 visum, efter&hellip;\n","protected":false},"author":2,"featured_media":92489,"comment_status":"","ping_status":"","sticky":false,"template":"","format":"standard","meta":{"footnotes":""},"categories":[14],"tags":[22,23,26,27,17,21,24,25,28,29,15,16,18,34,31,33,32,30,19,20,51,52,53,54],"class_list":{"0":"post-92488","1":"post","2":"type-post","3":"status-publish","4":"format-standard","5":"has-post-thumbnail","7":"category-varlden","8":"tag-breaking-news","9":"tag-breakingnews","10":"tag-featured-news","11":"tag-featurednews","12":"tag-headlines","13":"tag-huvudnyheter","14":"tag-latest-news","15":"tag-latestnews","16":"tag-main-news","17":"tag-mainnews","18":"tag-news","19":"tag-nyheter","20":"tag-rubriker","21":"tag-se","22":"tag-svenska","23":"tag-sverige","24":"tag-sweden","25":"tag-swedish","26":"tag-top-stories","27":"tag-topstories","28":"tag-varlden","29":"tag-world","30":"tag-world-news","31":"tag-worldnews"},"share_on_mastodon":{"url":"https:\/\/pubeurope.com\/@se\/115629702870659657","error":""},"_links":{"self":[{"href":"https:\/\/www.europesays.com\/se\/wp-json\/wp\/v2\/posts\/92488","targetHints":{"allow":["GET"]}}],"collection":[{"href":"https:\/\/www.europesays.com\/se\/wp-json\/wp\/v2\/posts"}],"about":[{"href":"https:\/\/www.europesays.com\/se\/wp-json\/wp\/v2\/types\/post"}],"author":[{"embeddable":true,"href":"https:\/\/www.europesays.com\/se\/wp-json\/wp\/v2\/users\/2"}],"replies":[{"embeddable":true,"href":"https:\/\/www.europesays.com\/se\/wp-json\/wp\/v2\/comments?post=92488"}],"version-history":[{"count":0,"href":"https:\/\/www.europesays.com\/se\/wp-json\/wp\/v2\/posts\/92488\/revisions"}],"wp:featuredmedia":[{"embeddable":true,"href":"https:\/\/www.europesays.com\/se\/wp-json\/wp\/v2\/media\/92489"}],"wp:attachment":[{"href":"https:\/\/www.europesays.com\/se\/wp-json\/wp\/v2\/media?parent=92488"}],"wp:term":[{"taxonomy":"category","embeddable":true,"href":"https:\/\/www.europesays.com\/se\/wp-json\/wp\/v2\/categories?post=92488"},{"taxonomy":"post_tag","embeddable":true,"href":"https:\/\/www.europesays.com\/se\/wp-json\/wp\/v2\/tags?post=92488"}],"curies":[{"name":"wp","href":"https:\/\/api.w.org\/{rel}","templated":true}]}}