{"id":92496,"date":"2025-11-28T22:49:08","date_gmt":"2025-11-28T22:49:08","guid":{"rendered":"https:\/\/www.europesays.com\/se\/92496\/"},"modified":"2025-11-28T22:49:08","modified_gmt":"2025-11-28T22:49:08","slug":"kristerssons-gaming-sagas-han-visste-ju-ingenting","status":"publish","type":"post","link":"https:\/\/www.europesays.com\/se\/92496\/","title":{"rendered":"Kristerssons gaming s\u00e5gas: \u201dHan visste ju ingenting\u201d"},"content":{"rendered":"<p>E-sportaren Sigge Steng\u00e5rd m\u00f6tte i dag Ulf Kristersson (M) i en match i datorspelet \u201dRocket league\u201d och var inte s\u00e4rskilt imponerad av statsministerns f\u00f6rm\u00e5ga. <\/p>\n<p>\u2013 Han visste ju ingenting, s\u00e4ger han till TT. <\/p>\n<p>Kristersson har i dag bes\u00f6kt gaming-eventet Dreamhack i Stockholm och har till andra medier sagt att han inte \u00e4r n\u00e5gon gamer. Han f\u00e5r d\u00e4remot en eloge av Sigge Steng\u00e5rd.<\/p>\n<p>\u2013 Han f\u00f6rs\u00f6kte i alla fall, s\u00e5 gott det gick.<\/p>\n<p>Omni \u00e4r politiskt obundna och oberoende. Vi str\u00e4var efter att ge fler perspektiv p\u00e5 nyheterna. Har du fr\u00e5gor eller synpunkter kring v\u00e5r rapportering? <a href=\"https:\/\/omni.se\/kristerssons-gaming-sagas-han-visste-ju-ingenting\/a\/mailto:redaktion@omni.se\" class=\"ArticleActions_contactLink__W2F1M\" rel=\"nofollow noopener\" target=\"_blank\">Kontakta redaktionen<\/a><\/p>\n","protected":false},"excerpt":{"rendered":"E-sportaren Sigge Steng\u00e5rd m\u00f6tte i dag Ulf Kristersson (M) i en match i datorspelet \u201dRocket league\u201d och var&hellip;\n","protected":false},"author":2,"featured_media":92497,"comment_status":"","ping_status":"","sticky":false,"template":"","format":"standard","meta":{"footnotes":""},"categories":[12],"tags":[22,23,4880,26,27,5200,17,21,24,25,28,29,551,15,16,18,34,31,33,32,30,19,20,1111],"class_list":{"0":"post-92496","1":"post","2":"type-post","3":"status-publish","4":"format-standard","5":"has-post-thumbnail","7":"category-sverige","8":"tag-breaking-news","9":"tag-breakingnews","10":"tag-dreamhack","11":"tag-featured-news","12":"tag-featurednews","13":"tag-gaming","14":"tag-headlines","15":"tag-huvudnyheter","16":"tag-latest-news","17":"tag-latestnews","18":"tag-main-news","19":"tag-mainnews","20":"tag-moderaterna","21":"tag-news","22":"tag-nyheter","23":"tag-rubriker","24":"tag-se","25":"tag-svenska","26":"tag-sverige","27":"tag-sweden","28":"tag-swedish","29":"tag-top-stories","30":"tag-topstories","31":"tag-ulf-kristersson"},"share_on_mastodon":{"url":"https:\/\/pubeurope.com\/@se\/115629769635924393","error":""},"_links":{"self":[{"href":"https:\/\/www.europesays.com\/se\/wp-json\/wp\/v2\/posts\/92496","targetHints":{"allow":["GET"]}}],"collection":[{"href":"https:\/\/www.europesays.com\/se\/wp-json\/wp\/v2\/posts"}],"about":[{"href":"https:\/\/www.europesays.com\/se\/wp-json\/wp\/v2\/types\/post"}],"author":[{"embeddable":true,"href":"https:\/\/www.europesays.com\/se\/wp-json\/wp\/v2\/users\/2"}],"replies":[{"embeddable":true,"href":"https:\/\/www.europesays.com\/se\/wp-json\/wp\/v2\/comments?post=92496"}],"version-history":[{"count":0,"href":"https:\/\/www.europesays.com\/se\/wp-json\/wp\/v2\/posts\/92496\/revisions"}],"wp:featuredmedia":[{"embeddable":true,"href":"https:\/\/www.europesays.com\/se\/wp-json\/wp\/v2\/media\/92497"}],"wp:attachment":[{"href":"https:\/\/www.europesays.com\/se\/wp-json\/wp\/v2\/media?parent=92496"}],"wp:term":[{"taxonomy":"category","embeddable":true,"href":"https:\/\/www.europesays.com\/se\/wp-json\/wp\/v2\/categories?post=92496"},{"taxonomy":"post_tag","embeddable":true,"href":"https:\/\/www.europesays.com\/se\/wp-json\/wp\/v2\/tags?post=92496"}],"curies":[{"name":"wp","href":"https:\/\/api.w.org\/{rel}","templated":true}]}}