{"id":92615,"date":"2025-11-29T05:21:08","date_gmt":"2025-11-29T05:21:08","guid":{"rendered":"https:\/\/www.europesays.com\/se\/92615\/"},"modified":"2025-11-29T05:21:08","modified_gmt":"2025-11-29T05:21:08","slug":"pete-hegseths-order-alla-ombord-maste-dodas","status":"publish","type":"post","link":"https:\/\/www.europesays.com\/se\/92615\/","title":{"rendered":"Pete Hegseths order: Alla ombord m\u00e5ste d\u00f6das"},"content":{"rendered":"<p>Publicerad 29 nov 2025 kl 03.06Uppdaterad kl 06.11<\/p>\n<p>Ordern fr\u00e5n \u201dkrigsministern\u201d Pete Hegseth var tydlig.<\/p>\n<p>D\u00f6da alla ombord.\u00a0<\/p>\n<p>S\u00e5 n\u00e4r tv\u00e5 personer klamrade sig fast i vrakdelarna kom n\u00e4sta dr\u00f6nare.\u00a0<\/p>\n<p>Senaste nyhetsklippen fr\u00e5n Expressen.<img   alt=\"\"\/><\/p>\n<p>F\u00f6rsta attacken i Karibien. Elva personer d\u00f6dades, men bara efter det att b\u00e5ten bombats tv\u00e5 g\u00e5nger.<\/p>\n<p>Foto: X<\/p>\n<p>\u00d6ppna bild i helsk\u00e4rm<img loading=\"lazy\"   alt=\"\"\/><\/p>\n<p>Pete Hegseth gav order om att alla ombord m\u00e5ste d\u00f6das.<\/p>\n<p>Foto: ORLANDO BARRIA \/ EPA\/ EFE<\/p>\n<p>\u00d6ppna bild i helsk\u00e4rmARTIKELN I KORTHET<\/p>\n<p> Order fr\u00e5n f\u00f6rsvarsministern Pete Hegseth: alla ombord p\u00e5 \u201dknarkb\u00e5tarna\u201d skulle d\u00f6das.<\/p>\n<p> Tv\u00e5 \u00f6verlevande m\u00e4n spr\u00e4ngdes i en andra attack, enligt Washington Post.<\/p>\n<p> Jurister och experter bed\u00f6mer att attackerna saknar laglig grund och kan utg\u00f6ra krigsbrott.<\/p>\n<p>Visa mer<\/p>\n<p>De amerikanska attackerna mot de p\u00e5st\u00e5dda \u201dknarkb\u00e5tarna\u201d i Karibien har redan kritiserats h\u00e5rt. \u00d6ver 80 personer har d\u00f6dats i attacker som en mer eller mindre enig juristk\u00e5r bed\u00f6mer som olagliga enligt s\u00e5v\u00e4l amerikansk som internationell r\u00e4tt. Nu avsl\u00f6jar <a href=\"https:\/\/www.washingtonpost.com\/national-security\/2025\/11\/28\/hegseth-kill-them-all-survivors-boat-strike\/\" rel=\"nofollow noopener\" target=\"_blank\">Washington Post<\/a> att attackerna \u00e4r \u00e4n mer juridiskt tveksamma.\u00a0<\/p>\n<p>Enligt tidningen var ordern fr\u00e5n f\u00f6rsvarsministern <a href=\"https:\/\/www.expressen.se\/tagg\/person\/pete-hegseth\/\" class=\"\" rel=\"nofollow noopener\" target=\"_blank\">Pete Hegseth<\/a> tydlig: D\u00f6da alla ombord.<\/p>\n<p>I en f\u00f6rsta attack, den 2 september, tr\u00e4ffades b\u00e5ten och ett stort r\u00f6kmoln steg fr\u00e5n havet. Men n\u00e4r r\u00f6ken skingrades kunde bef\u00e4lhavarna se att tv\u00e5 personer fortfarande levde \u2013 fastklamrade vid det rykande vraket. En andra attack beordrades \u2013 och m\u00e4nnen spr\u00e4ngdes i luften, uppger k\u00e4llor f\u00f6r tidningen. Attacken var den f\u00f6rsta i en rad av insatser som d\u00e4refter fr\u00e4mst genomf\u00f6rts i farvatten n\u00e4ra Venezuela.<\/p>\n<p>Ingen v\u00e4pnad konflikt<\/p>\n<p>De p\u00e5st\u00e5dda smugglarna befinner sig inte i \u201dv\u00e4pnad konflikt\u201d med USA, som Trump-administrationen h\u00e4vdar, vilket enligt den tidigare milit\u00e4rjuristen Todd Huntley betyder att attackerna i praktiken handlar om mord. Och \u00e4ven om USA befunnit sig i krig med smugglarna skulle ordern om att d\u00f6da alla ombord, \u00e4ven efter att de f\u00f6rsatts ur stridbart skick, vara en krigsf\u00f6rbrytelse.\u00a0<\/p>\n<p>\u2013 De bryter mot lagen oavsett vilket. De d\u00f6dar civila fr\u00e5n f\u00f6rsta b\u00f6rjan, och \u00e4ven om man antar att de \u00e4r kombattanter \u00e4r det olagligt. Enligt krigets lagar m\u00e5ste den som \u00e4r satt ur stridbart skick behandlas humant, s\u00e4ger Sarah Harrison, tidigare bitr\u00e4dande chefsjurist vid Pentagon, till <a href=\"https:\/\/edition.cnn.com\/2025\/11\/28\/politics\/us-military-second-strike-caribbean\" rel=\"nofollow noopener\" target=\"_blank\">CNN<\/a>.<\/p>\n<p>Den elitstyrka som ledde attacken var SEAL Team 6, enligt k\u00e4llorna. Bef\u00e4lhavaren som \u00f6vervakade insatsen, amiral Frank M. \u201dMitch\u201d Bradley, ska enligt Washington Post ha sagt att \u00f6verlevarna fortfarande var legitima m\u00e5l eftersom de i teorin skulle kunna kontakta andra smugglare f\u00f6r att h\u00e4mta dem och deras last. D\u00e4rf\u00f6r beordrade han det andra angreppet f\u00f6r att uppfylla Hegseths direktiv.<\/p>\n","protected":false},"excerpt":{"rendered":"Publicerad 29 nov 2025 kl 03.06Uppdaterad kl 06.11 Ordern fr\u00e5n \u201dkrigsministern\u201d Pete Hegseth var tydlig. D\u00f6da alla ombord.\u00a0&hellip;\n","protected":false},"author":2,"featured_media":92616,"comment_status":"","ping_status":"","sticky":false,"template":"","format":"standard","meta":{"footnotes":""},"categories":[14],"tags":[50,22,23,26,27,17,21,24,25,28,29,15,16,1897,198,1455,18,34,55,31,33,32,30,19,204,60,49,20,51,52,53,54],"class_list":{"0":"post-92615","1":"post","2":"type-post","3":"status-publish","4":"format-standard","5":"has-post-thumbnail","7":"category-varlden","8":"tag-arme-forsvar","9":"tag-breaking-news","10":"tag-breakingnews","11":"tag-featured-news","12":"tag-featurednews","13":"tag-headlines","14":"tag-huvudnyheter","15":"tag-latest-news","16":"tag-latestnews","17":"tag-main-news","18":"tag-mainnews","19":"tag-news","20":"tag-nyheter","21":"tag-organization-pentagon","22":"tag-person-donald-trump","23":"tag-person-pete-hegseth","24":"tag-rubriker","25":"tag-se","26":"tag-sections-varlden","27":"tag-svenska","28":"tag-sverige","29":"tag-sweden","30":"tag-swedish","31":"tag-top-stories","32":"tag-topic-amerikansk-politik","33":"tag-topic-krig-konflikt","34":"tag-topic-militar","35":"tag-topstories","36":"tag-varlden","37":"tag-world","38":"tag-world-news","39":"tag-worldnews"},"share_on_mastodon":{"url":"https:\/\/pubeurope.com\/@se\/115631311068837288","error":""},"_links":{"self":[{"href":"https:\/\/www.europesays.com\/se\/wp-json\/wp\/v2\/posts\/92615","targetHints":{"allow":["GET"]}}],"collection":[{"href":"https:\/\/www.europesays.com\/se\/wp-json\/wp\/v2\/posts"}],"about":[{"href":"https:\/\/www.europesays.com\/se\/wp-json\/wp\/v2\/types\/post"}],"author":[{"embeddable":true,"href":"https:\/\/www.europesays.com\/se\/wp-json\/wp\/v2\/users\/2"}],"replies":[{"embeddable":true,"href":"https:\/\/www.europesays.com\/se\/wp-json\/wp\/v2\/comments?post=92615"}],"version-history":[{"count":0,"href":"https:\/\/www.europesays.com\/se\/wp-json\/wp\/v2\/posts\/92615\/revisions"}],"wp:featuredmedia":[{"embeddable":true,"href":"https:\/\/www.europesays.com\/se\/wp-json\/wp\/v2\/media\/92616"}],"wp:attachment":[{"href":"https:\/\/www.europesays.com\/se\/wp-json\/wp\/v2\/media?parent=92615"}],"wp:term":[{"taxonomy":"category","embeddable":true,"href":"https:\/\/www.europesays.com\/se\/wp-json\/wp\/v2\/categories?post=92615"},{"taxonomy":"post_tag","embeddable":true,"href":"https:\/\/www.europesays.com\/se\/wp-json\/wp\/v2\/tags?post=92615"}],"curies":[{"name":"wp","href":"https:\/\/api.w.org\/{rel}","templated":true}]}}