{"id":92626,"date":"2025-11-29T05:39:19","date_gmt":"2025-11-29T05:39:19","guid":{"rendered":"https:\/\/www.europesays.com\/se\/92626\/"},"modified":"2025-11-29T05:39:19","modified_gmt":"2025-11-29T05:39:19","slug":"explosioner-pa-tva-ryskaskuggfartyg-utanfor-turkiet","status":"publish","type":"post","link":"https:\/\/www.europesays.com\/se\/92626\/","title":{"rendered":"Explosioner p\u00e5 tv\u00e5 ryska\nskuggfartyg utanf\u00f6r Turkiet"},"content":{"rendered":"<p>Publicerad 28 nov 2025 kl 19.33Uppdaterad kl 20.58<\/p>\n<p>Tv\u00e5 sanktionerade fartyg som pekas ut som en del av den ryska skuggflottan har inom loppet av n\u00e5gra timmar exploderat i Svarta havet.\u00a0<\/p>\n<p>Den turkiska sj\u00f6fartsmyndigheten uppger att fartygen \u201dtr\u00e4ffats\u201d och utsatts f\u00f6r \u201dyttre p\u00e5verkan\u201d.\u00a0<\/p>\n<p>Putins maktdrag \u2013 mitt i fredsf\u00f6rhandlingarna<img loading=\"lazy\"   alt=\"\"\/><\/p>\n<p>R\u00f6ken p\u00e5 fartyget Kairos syns p\u00e5 l\u00e5ngt h\u00e5ll.<\/p>\n<p>Foto: AA \/ STELLA PICTURES<\/p>\n<p>\u00d6ppna bild i helsk\u00e4rm<img loading=\"lazy\"   alt=\"\"\/><\/p>\n<p>Fartyget brinner utanf\u00f6r Turkiets kust.<\/p>\n<p>Foto: AA \/ STELLA PICTURES<\/p>\n<p>\u00d6ppna bild i helsk\u00e4rm<img loading=\"lazy\"   alt=\"\"\/> <\/p>\n<p>Foto: Den turkiska sj\u00f6fartsmyndigheten\/X<\/p>\n<p>\u00d6ppna bild i helsk\u00e4rm<\/p>\n<p>En explosion har \u00e4gt rum p\u00e5 det sanktionerade fartyget \u201dKairos\u201d som uppges ing\u00e5 i den ryska skuggflottan. En brand uppges ha startat i motorrummet, rapporterar nyhetsbyr\u00e5n Reuters.\u00a0<\/p>\n<p>Explosionen intr\u00e4ffade utanf\u00f6r <a href=\"https:\/\/www.expressen.se\/tagg\/location\/turkiet\/\" class=\"\" rel=\"nofollow noopener\" target=\"_blank\">Turkiets<\/a> Svarta havskust, strax efter att fartyget hade l\u00e4mnat Istanbuls Bosporen-sund. Den turkiska sj\u00f6fartsmyndigheten uppger att \u201dyttre p\u00e5verkan\u201d ligger bakom explosionen. \u00a0<\/p>\n<p>Fartyget seglar under gambisk flagg och uppges av den turkiska sj\u00f6fartsmyndigheten ha varit p\u00e5 v\u00e4g till hamnen i ryska Novorossijsk. Det ska vara olastat och en r\u00e4ddningsaktion har inletts f\u00f6r bes\u00e4ttningen p\u00e5 25 personer.\u00a0<\/p>\n<p>Bes\u00e4ttning har r\u00e4ddats, rapporterar nyhetsbyr\u00e5n <a href=\"https:\/\/apnews.com\/article\/turkey-gambia-tanker-fire-black-sea-d306912f47fd409170f8bf8ca40e58f2\" rel=\"nofollow noopener\" target=\"_blank\">AP<\/a>.\u00a0<\/p>\n<p>Bara timmar efter att bes\u00e4ttningen kunde r\u00e4ddas tr\u00e4ffades ett annat sanktionerat fartyg, \u201dVirat\u201d, rapporterar nyhetsbyr\u00e5erna med h\u00e4nvisning till den turkiska sj\u00f6fartsmyndigheten.\u00a0<\/p>\n<p>Precis som det andra fartyget seglar det under gambisk flagg.\u00a0<\/p>\n<p>Myndigheten uppger att fartyget \u201dtr\u00e4ffades\u201d utanf\u00f6r Turkiets Svarta havskust.\u00a0<\/p>\n<p>Tjock r\u00f6k rapporteras fr\u00e5n fartyget men bes\u00e4ttningen, p\u00e5 20 personer, uppges av den turkiska myndigheten vara i gott skick.\u00a0<\/p>\n<p><img alt=\"\"\/>Ljudklippet gick inte att spela upp<\/p>\n<p>F\u00f6rs\u00f6k igen senare<\/p>\n","protected":false},"excerpt":{"rendered":"Publicerad 28 nov 2025 kl 19.33Uppdaterad kl 20.58 Tv\u00e5 sanktionerade fartyg som pekas ut som en del av&hellip;\n","protected":false},"author":2,"featured_media":92627,"comment_status":"","ping_status":"","sticky":false,"template":"","format":"standard","meta":{"footnotes":""},"categories":[5],"tags":[22,23,26,27,17,21,24,25,500,28,29,15,16,18,34,55,31,33,32,30,19,1619,20],"class_list":{"0":"post-92626","1":"post","2":"type-post","3":"status-publish","4":"format-standard","5":"has-post-thumbnail","7":"category-rubriker","8":"tag-breaking-news","9":"tag-breakingnews","10":"tag-featured-news","11":"tag-featurednews","12":"tag-headlines","13":"tag-huvudnyheter","14":"tag-latest-news","15":"tag-latestnews","16":"tag-location-turkiet","17":"tag-main-news","18":"tag-mainnews","19":"tag-news","20":"tag-nyheter","21":"tag-rubriker","22":"tag-se","23":"tag-sections-varlden","24":"tag-svenska","25":"tag-sverige","26":"tag-sweden","27":"tag-swedish","28":"tag-top-stories","29":"tag-topic-brand-explosion","30":"tag-topstories"},"share_on_mastodon":{"url":"https:\/\/pubeurope.com\/@se\/115631381714404376","error":""},"_links":{"self":[{"href":"https:\/\/www.europesays.com\/se\/wp-json\/wp\/v2\/posts\/92626","targetHints":{"allow":["GET"]}}],"collection":[{"href":"https:\/\/www.europesays.com\/se\/wp-json\/wp\/v2\/posts"}],"about":[{"href":"https:\/\/www.europesays.com\/se\/wp-json\/wp\/v2\/types\/post"}],"author":[{"embeddable":true,"href":"https:\/\/www.europesays.com\/se\/wp-json\/wp\/v2\/users\/2"}],"replies":[{"embeddable":true,"href":"https:\/\/www.europesays.com\/se\/wp-json\/wp\/v2\/comments?post=92626"}],"version-history":[{"count":0,"href":"https:\/\/www.europesays.com\/se\/wp-json\/wp\/v2\/posts\/92626\/revisions"}],"wp:featuredmedia":[{"embeddable":true,"href":"https:\/\/www.europesays.com\/se\/wp-json\/wp\/v2\/media\/92627"}],"wp:attachment":[{"href":"https:\/\/www.europesays.com\/se\/wp-json\/wp\/v2\/media?parent=92626"}],"wp:term":[{"taxonomy":"category","embeddable":true,"href":"https:\/\/www.europesays.com\/se\/wp-json\/wp\/v2\/categories?post=92626"},{"taxonomy":"post_tag","embeddable":true,"href":"https:\/\/www.europesays.com\/se\/wp-json\/wp\/v2\/tags?post=92626"}],"curies":[{"name":"wp","href":"https:\/\/api.w.org\/{rel}","templated":true}]}}