{"id":92659,"date":"2025-11-29T06:54:12","date_gmt":"2025-11-29T06:54:12","guid":{"rendered":"https:\/\/www.europesays.com\/se\/92659\/"},"modified":"2025-11-29T06:54:12","modified_gmt":"2025-11-29T06:54:12","slug":"jesper-wallstedts-succe-fortsatter-ar-nu-bast-i-hela-nhl","status":"publish","type":"post","link":"https:\/\/www.europesays.com\/se\/92659\/","title":{"rendered":"Jesper Wallstedts succ\u00e9 forts\u00e4tter \u2013 \u00e4r nu b\u00e4st i hela NHL"},"content":{"rendered":"<p>Publicerad 29 nov 2025 kl 06.45<\/p>\n<p>ANAHEIM. En ny j\u00e4ttematch av Jesper Wallstedt i natt fick stopp p\u00e5 Colorado Avalanches tio matcher l\u00e5nga segersvit.<\/p>\n<p>Den 23-\u00e5rige svensken r\u00e4ddade 39 skott plus tv\u00e5 straffar n\u00e4r Minnesota Wild ordnade en 3-2-seger.<\/p>\n<p>\u2013 Det s\u00e4ger v\u00e4l att vi \u00e4r ett b\u00e4ttre lag \u00e4n dem. Vi slog dem, s\u00e5 det k\u00e4nns bra. Men sk\u00e4mt \u00e5sido, sedan vi fick till en v\u00e4ndning tidigare i h\u00f6st har vi hittat en spelstil som \u00e4r v\u00e4ldigt framg\u00e5ngsrik, sa Jesper till nhl.com efter\u00e5t.<\/p>\n<p><img   alt=\"\"\/> <\/p>\n<p>Foto: BAILEY HILLESHEIM \/ AP TT NYHETSBYR\u00c5N<\/p>\n<p>\u00d6ppna bild i helsk\u00e4rm<img loading=\"lazy\"   alt=\"\"\/> <\/p>\n<p>Foto: NICK WOSIKA \/ USA TODAY SPORTS BILDBYR\u00c5N<\/p>\n<p>\u00d6ppna bild i helsk\u00e4rm<\/p>\n<p>Han \u00e4r h\u00f6stens svenske m\u00e5lvakt i NHL.<\/p>\n<p>Efter nattens omg\u00e5ng toppar han m\u00e5lvaktsligan b\u00e5de n\u00e4r det g\u00e4ller r\u00e4ddningsprocent (93,8) och snittet \u00f6ver insl\u00e4ppta m\u00e5l per match (1.93).<\/p>\n<p>Tillsammans med m\u00e5lvaktskollegan Filip Gustavsson har han lyft Wild till sju raka segrar nu.<\/p>\n<p><a href=\"https:\/\/www.expressen.se\/tagg\/person\/jesper-wallstedt\/\" class=\"\" rel=\"nofollow noopener\" target=\"_blank\">Jesper Wallstedt<\/a> har vaktat kassen i nio matcher den h\u00e4r s\u00e4songen och \u00e4nnu inte f\u00f6rlorat n\u00e5gon under ordinarie speltid. Hans enda tv\u00e5 f\u00f6rluster har kommit efter f\u00f6rl\u00e4ngning.<\/p>\n<p>Det \u00e4r ett klubbrekord i Minnesota n\u00e4r det g\u00e4ller klubbens m\u00e5lvakter och po\u00e4ngsvit under inledningen av grundserien.<\/p>\n<p>Landeskog m\u00e5lskytt<\/p>\n<p>Kirill Kaprizov gjorde b\u00e5da m\u00e5len f\u00f6r Wild medan Mats Zuccarello och Matt Boldy satte sina straffar n\u00e4r avg\u00f6randets stund var inne.<\/p>\n<p>Hos Colorado var Nathan MacKinnon och Gabriel Landeskog m\u00e5lskyttarna.<\/p>\n<p>Det var Landeskogs tredje m\u00e5l i h\u00f6st.<\/p>\n<p>\u2013 Vi gjorde en riktigt bra f\u00f6rsta period, men sedan kom vi av oss lite och bj\u00f6d in dem i matchen. Minnesota \u00e4r ett v\u00e4ldigt bra lag, s\u00e5 n\u00e4r de f\u00e5r upp farten i anfallszonen \u00e4r de sv\u00e5rstoppade, kommenterade Gabriel Landeskog efter\u00e5t.<\/p>\n","protected":false},"excerpt":{"rendered":"Publicerad 29 nov 2025 kl 06.45 ANAHEIM. En ny j\u00e4ttematch av Jesper Wallstedt i natt fick stopp p\u00e5&hellip;\n","protected":false},"author":2,"featured_media":92660,"comment_status":"","ping_status":"","sticky":false,"template":"","format":"standard","meta":{"footnotes":""},"categories":[68],"tags":[421,10745,34,255,256,111,110,31,33,32,30],"class_list":{"0":"post-92659","1":"post","2":"type-post","3":"status-publish","4":"format-standard","5":"has-post-thumbnail","7":"category-sport","8":"tag-organization-nhl","9":"tag-person-jesper-wallstedt","10":"tag-se","11":"tag-sections-ishockey","12":"tag-sections-nhl","13":"tag-sport","14":"tag-sports","15":"tag-svenska","16":"tag-sverige","17":"tag-sweden","18":"tag-swedish"},"share_on_mastodon":{"url":"https:\/\/pubeurope.com\/@se\/115631676666471588","error":""},"_links":{"self":[{"href":"https:\/\/www.europesays.com\/se\/wp-json\/wp\/v2\/posts\/92659","targetHints":{"allow":["GET"]}}],"collection":[{"href":"https:\/\/www.europesays.com\/se\/wp-json\/wp\/v2\/posts"}],"about":[{"href":"https:\/\/www.europesays.com\/se\/wp-json\/wp\/v2\/types\/post"}],"author":[{"embeddable":true,"href":"https:\/\/www.europesays.com\/se\/wp-json\/wp\/v2\/users\/2"}],"replies":[{"embeddable":true,"href":"https:\/\/www.europesays.com\/se\/wp-json\/wp\/v2\/comments?post=92659"}],"version-history":[{"count":0,"href":"https:\/\/www.europesays.com\/se\/wp-json\/wp\/v2\/posts\/92659\/revisions"}],"wp:featuredmedia":[{"embeddable":true,"href":"https:\/\/www.europesays.com\/se\/wp-json\/wp\/v2\/media\/92660"}],"wp:attachment":[{"href":"https:\/\/www.europesays.com\/se\/wp-json\/wp\/v2\/media?parent=92659"}],"wp:term":[{"taxonomy":"category","embeddable":true,"href":"https:\/\/www.europesays.com\/se\/wp-json\/wp\/v2\/categories?post=92659"},{"taxonomy":"post_tag","embeddable":true,"href":"https:\/\/www.europesays.com\/se\/wp-json\/wp\/v2\/tags?post=92659"}],"curies":[{"name":"wp","href":"https:\/\/api.w.org\/{rel}","templated":true}]}}