{"id":92661,"date":"2025-11-29T06:56:11","date_gmt":"2025-11-29T06:56:11","guid":{"rendered":"https:\/\/www.europesays.com\/se\/92661\/"},"modified":"2025-11-29T06:56:11","modified_gmt":"2025-11-29T06:56:11","slug":"nya-casio-klockor-med-uppgraderat-metallarmband-lanseras-i-europa","status":"publish","type":"post","link":"https:\/\/www.europesays.com\/se\/92661\/","title":{"rendered":"Nya Casio-klockor med uppgraderat metallarmband lanseras i Europa"},"content":{"rendered":"<p>\t\t<a href=\"https:\/\/www.notebookcheck.se\/fileadmin\/Notebooks\/News\/_nc5\/Casio-A158-WEM.jpg\" data-caption=\"Casios A158-WEM-klockor (bilden) kommer snart att lanseras i Europa. (Bildk\u00e4lla: Casio)\" rel=\"nofollow noopener\" target=\"_blank\"><img decoding=\"async\" src=\"https:\/\/www.europesays.com\/se\/wp-content\/uploads\/2025\/11\/csm_Casio-A158-WEM_e48e2d2bc3.jpg\" loading=\"lazy\" fetchpriority=\"high\" width=\"240\" height=\"180\" alt=\"Casios A158-WEM-klockor (bilden) kommer snart att lanseras i Europa. (Bildk\u00e4lla: Casio)\"\/><\/a>Casios A158-WEM-klockor (bilden) kommer snart att lanseras i Europa. (Bildk\u00e4lla: Casio)<\/p>\n<p>Klockorna Casio A158-WEM-3 och A158-WEM-7 kommer snart att finnas tillg\u00e4ngliga i Europa. Dessa tv\u00e5 digitalklockor, som nyligen sl\u00e4pptes i Japan, finns nu listade i varum\u00e4rkets onlinebutiker i l\u00e4nder som Nederl\u00e4nderna. Den nya modellen har ett f\u00f6rb\u00e4ttrat armband i v\u00e4vt n\u00e4t av rostfritt st\u00e5l, med funktioner som stoppur och alarm.<\/p>\n<p class=\"bodytext\">Casio kommer att lansera tv\u00e5 nya klockor i Europa. <a href=\"https:\/\/www.casio.com\/nl\/watches\/casio\/vintage\/product.A158WEM-7\/\" target=\"_blank\" class=\"external-link-new-window\" rel=\"nofollow noopener\"> A158-WEM-3<\/a> och <a href=\"https:\/\/www.casio.com\/nl\/watches\/casio\/vintage\/product.A158WEM-7\/\" target=\"_blank\" class=\"external-link-new-window\" rel=\"nofollow noopener\">A158-WEM-7<\/a> sl\u00e4pptes <a href=\"http:\/\/www.notebookcheck.net\/New-affordable-Casio-A158-classic-watches-now-live-for-pre-order.1155415.0.html\" target=\"_self\" class=\"internal-link\" rel=\"nofollow noopener\">sl\u00e4pptes i Japan tidigare i november 2025<\/a>. Den h\u00e4r modellen beskrivs som &#8221;en klassiker som reviderats och moderniserats&#8221; med ett uppgraderat armband.<br \/>&#13;<\/p>\n<p class=\"bodytext\">Casio A158-WEM digitalklockor har ett v\u00e4vt rostfritt mesh-armband, med en ny design som s\u00e4gs ge en texturerad finish och en handledskl\u00e4dd passform. B\u00e5da versionerna av klockan har ett silverf\u00e4rgat h\u00f6lje i harts och krom som matchar armbandet. A158-WEM-3 har en m\u00f6rkgr\u00f6n urtavla, medan A158-WEM-7 har en ljusgr\u00e5 urtavla.<br \/>&#13;<\/p>\n<p class=\"bodytext\">Klockan A158 kan visa tiden i 12 eller 24 timmars format och visar \u00e4ven datum och veckodag. Den h\u00e4r modellen har en rad typiska Casio-funktioner, som stoppur p\u00e5 1\/100 sekund, dagligt alarm och tidssignaler varje timme. En LED-bakgrundsbelysning hj\u00e4lper till att lysa upp den digitala displayen vid behov, och kalendern \u00e4r automatisk. Enligt produktf\u00f6rteckningen b\u00f6r den fungera i cirka sju \u00e5r med sitt CR2016-batteri.<br \/>&#13;<\/p>\n<p class=\"bodytext\">Nyligen listade Casio klockorna A158-WEM-3 och A158-WEM-7 i sina onlinebutiker i l\u00e4nder som <a href=\"https:\/\/www.casio.com\/nl\/watches\/casio\/vintage\/product.A158WEM-7\/\" target=\"_blank\" class=\"external-link-new-window\" rel=\"nofollow noopener\">Nederl\u00e4nderna<\/a>, <a href=\"https:\/\/www.casio.com\/es\/watches\/casio\/vintage\/product.A158WEM-7\/\" target=\"_blank\" class=\"external-link-new-window\" rel=\"nofollow noopener\">Spanien<\/a> och <a href=\"https:\/\/www.awin1.com\/cread.php?awinmid=86925&amp;awinaffid=343879&amp;ued=https%3A%2F%2Fwww.casio.com%2Fde%2Fwatches%2Fcasio%2Fvintage%2Fproduct.A158WEM-7%2F\" target=\"_blank\" rel=\"sponsored nofollow noopener\" class=\"external-link-new-window\">Tyskland<\/a>. H\u00e4r kommer de att s\u00e4ljas f\u00f6r 59,90 euro vardera. Det \u00e4r oklart n\u00e4r de kommer att lanseras, men kunder uppmanas att registrera sig f\u00f6r e-postmeddelanden om deras lansering. Det kan man g\u00f6ra via en knapp p\u00e5 varje produktsida. <\/p>\n<p>\t<a href=\"https:\/\/www.notebookcheck.se\/fileadmin\/Notebooks\/News\/_nc5\/Casio-A158-WEM.png\" title=\"Casio A158-WEM-7 (till v\u00e4nster) och Casio A158-WEM-3 (till h\u00f6ger). (Bildk\u00e4lla: Casio)\" data-caption=\"Casio A158-WEM-7 (till v\u00e4nster) och Casio A158-WEM-3 (till h\u00f6ger). (Bildk\u00e4lla: Casio)\" rel=\"nofollow noopener\" target=\"_blank\"><img decoding=\"async\" src=\"https:\/\/www.europesays.com\/se\/wp-content\/uploads\/2025\/11\/csm_Casio-A158-WEM_f190b11d3d.png\" loading=\"lazy\" alt=\"Casio A158-WEM-7 (till v\u00e4nster) och Casio A158-WEM-3 (till h\u00f6ger). (Bildk\u00e4lla: Casio)\"\/><\/a>Casio A158-WEM-7 (till v\u00e4nster) och Casio A158-WEM-3 (till h\u00f6ger). (Bildk\u00e4lla: Casio)<a href=\"\"><img decoding=\"async\" src=\"https:\/\/www.europesays.com\/se\/wp-content\/uploads\/2025\/11\/csm_polly_nbc_97c838175b.jpg\" loading=\"lazy\" width=\"120\" height=\"120\" alt=\"Polly Allcock\"\/><\/a><a href=\"\"><img decoding=\"async\" src=\"https:\/\/www.europesays.com\/se\/wp-content\/uploads\/2025\/11\/1763336113_814_csm_ninh_duy_ee54bf9777.jpg\" loading=\"lazy\" width=\"120\" height=\"120\" alt=\"Ninh Duy\"\/><\/a>Translator: <a href=\"\" class=\"j_name\">Ninh Ngoc Duy<\/a> &#8211; Editorial Assistant  &#8211; 664885 articles published on Notebookcheck since 2008<\/p>\n","protected":false},"excerpt":{"rendered":"Casios A158-WEM-klockor (bilden) kommer snart att lanseras i Europa. (Bildk\u00e4lla: Casio) Klockorna Casio A158-WEM-3 och A158-WEM-7 kommer snart&hellip;\n","protected":false},"author":2,"featured_media":92662,"comment_status":"","ping_status":"","sticky":false,"template":"","format":"standard","meta":{"footnotes":""},"categories":[66],"tags":[10748,10750,10749,7083,7086,10746,10747,7084,7085,80,78,79,34,31,33,32,30,81,84,83,82],"class_list":{"0":"post-92661","1":"post","2":"type-post","3":"status-publish","4":"format-standard","5":"has-post-thumbnail","7":"category-vetenskap-och-teknik","8":"tag-a158-wem-3","9":"tag-a158-wem-7","10":"tag-a158wem-3","11":"tag-barbar-dator","12":"tag-casio","13":"tag-casio-a158-wem-3","14":"tag-casio-a158-wem-7","15":"tag-laptop","16":"tag-notebook","17":"tag-science","18":"tag-science-and-technology","19":"tag-scienceandtechnology","20":"tag-se","21":"tag-svenska","22":"tag-sverige","23":"tag-sweden","24":"tag-swedish","25":"tag-technology","26":"tag-teknik","27":"tag-vetenskap","28":"tag-vetenskapteknik"},"share_on_mastodon":{"url":"https:\/\/pubeurope.com\/@se\/115631684696642165","error":""},"_links":{"self":[{"href":"https:\/\/www.europesays.com\/se\/wp-json\/wp\/v2\/posts\/92661","targetHints":{"allow":["GET"]}}],"collection":[{"href":"https:\/\/www.europesays.com\/se\/wp-json\/wp\/v2\/posts"}],"about":[{"href":"https:\/\/www.europesays.com\/se\/wp-json\/wp\/v2\/types\/post"}],"author":[{"embeddable":true,"href":"https:\/\/www.europesays.com\/se\/wp-json\/wp\/v2\/users\/2"}],"replies":[{"embeddable":true,"href":"https:\/\/www.europesays.com\/se\/wp-json\/wp\/v2\/comments?post=92661"}],"version-history":[{"count":0,"href":"https:\/\/www.europesays.com\/se\/wp-json\/wp\/v2\/posts\/92661\/revisions"}],"wp:featuredmedia":[{"embeddable":true,"href":"https:\/\/www.europesays.com\/se\/wp-json\/wp\/v2\/media\/92662"}],"wp:attachment":[{"href":"https:\/\/www.europesays.com\/se\/wp-json\/wp\/v2\/media?parent=92661"}],"wp:term":[{"taxonomy":"category","embeddable":true,"href":"https:\/\/www.europesays.com\/se\/wp-json\/wp\/v2\/categories?post=92661"},{"taxonomy":"post_tag","embeddable":true,"href":"https:\/\/www.europesays.com\/se\/wp-json\/wp\/v2\/tags?post=92661"}],"curies":[{"name":"wp","href":"https:\/\/api.w.org\/{rel}","templated":true}]}}