{"id":92690,"date":"2025-11-29T07:32:08","date_gmt":"2025-11-29T07:32:08","guid":{"rendered":"https:\/\/www.europesays.com\/se\/92690\/"},"modified":"2025-11-29T07:32:08","modified_gmt":"2025-11-29T07:32:08","slug":"wallstedts-nya-jattesucce-bryter-colorados-monstersvit-hockeysverige-se","status":"publish","type":"post","link":"https:\/\/www.europesays.com\/se\/92690\/","title":{"rendered":"Wallstedts nya j\u00e4ttesucc\u00e9 \u2013 bryter Colorados monstersvit &#8211; hockeysverige.se"},"content":{"rendered":"<ol>\n<li><a href=\"https:\/\/news.google.com\/rss\/articles\/CBMinAFBVV95cUxNdENXb2xoaEVCUFVnVFVINXNiM0FWMHZ1eWg1S2tPb2dPYk9UNV9PRFFNY19PLTFXcVVJUEZiOEtRTHFadXphc2xiUktzTlBRTElNbXY0YjktckIzbjlRUXU0LV80cDdtUXUzbEhSM2x3cVBoalhRYUU1eHM1THZuRF9oVWJTMVlaZXV5ZzdfZTRHUlpaUW5icEZyZlI?oc=5\" target=\"_blank\" rel=\"nofollow noopener\">Wallstedts nya j\u00e4ttesucc\u00e9 \u2013 bryter Colorados monstersvit<\/a>&nbsp;&nbsp;hockeysverige.se<\/li>\n<li><a href=\"https:\/\/news.google.com\/rss\/articles\/CBMiqgFBVV95cUxQcmtxV2phM2lSVk4yc3VoQXRFaDdudWpvcXptTEdRM0lJZkd3cjlqTzBtMVBUalQ2SGtYOGp5bTV6ckFOS3FVTkRET2lYdUptUU1ZeUVqZWk4bkl4b2pnN0FCU1dkVDUxdHh5Q2hXTUZfbGpSUXZZdFl2Y2xVd0RIYWRYVmFLbXEyUFdVa3dTN3RtX2dYb0dMZFFyNmQtQXEyaFNlQ0JxMjZXQQ?oc=5\" target=\"_blank\" rel=\"nofollow noopener\">Svensken storspelade igen \u2013 stoppade superstj\u00e4rnorna<\/a>&nbsp;&nbsp;Aftonbladet<\/li>\n<li><a href=\"https:\/\/news.google.com\/rss\/articles\/CBMioAFBVV95cUxQNVlMcHRHc1Vhb1pabXBTLXFyR3Z5YUdZYVk3cVp4US0xVDhqUlBsOEpGS0lpNkdNMlBOX2t0Wm1qbmYyYk9IM3hfVVB6OTdIZDJfR1pMalVvbnJneTMyN3pkZFNybkhiZHVxampjeDlSWTJNVjExaWtNelFzOHN2RmpTYXY0YnJvNjZFell3eEFKeDM0TkJ2N1pKVEUwRXZK?oc=5\" target=\"_blank\" rel=\"nofollow noopener\">Nya succ\u00e9n: \u00c4r b\u00e4st i hela NHL<\/a>&nbsp;&nbsp;Expressen<\/li>\n<li><a href=\"https:\/\/news.google.com\/rss\/articles\/CBMioAFBVV95cUxNa1lkUlhtclczMUFhUmtwSG54UDNhSjI4eFp2T1Z3N0JwWGx4TEp1S0wwa2tJUnNkRGFJc3UyamdFbTQ4cFZxcDE2T2xMOGFwSERFZ0txSzBFUndwZGtSUUYySUw4TVJ6aWJXOTczTFQyMTRCYTktT2FrMXItOGZkNEhDZWlnajdrSGk1WWVJLTRsM0ZIaEVubHJhX2VMUDhC?oc=5\" target=\"_blank\" rel=\"nofollow noopener\">Hallams svar efter doldisens succ\u00e9 i NHL: \u201dVi f\u00f6ljer situationen\u201d<\/a>&nbsp;&nbsp;Sveriges Radio<\/li>\n<li><a href=\"https:\/\/news.google.com\/rss\/articles\/CBMihAFBVV95cUxPVEF2MWVMT3JQcXBEVnFNVjdfN3dIaWpla3J1RHE4SkZVUlE4S0NjdGVDazVtdlhvc2l4ekFVcnRIQU1hZkNNS1ltUVR4bU9JVTVOV0VGbG9OaUdrNXdPR2t5Nm1ObkRNcVBJX1JsSU8zcXFoY0d6NHFQZUtfVkowSEFadUU?oc=5\" target=\"_blank\" rel=\"nofollow noopener\">Minnesota vann toppm\u00f6tet med Colorado<\/a>&nbsp;&nbsp;hockeysverige.se<\/li>\n<\/ol>\n","protected":false},"excerpt":{"rendered":"Wallstedts nya j\u00e4ttesucc\u00e9 \u2013 bryter Colorados monstersvit&nbsp;&nbsp;hockeysverige.se Svensken storspelade igen \u2013 stoppade superstj\u00e4rnorna&nbsp;&nbsp;Aftonbladet Nya succ\u00e9n: \u00c4r b\u00e4st i&hellip;\n","protected":false},"author":2,"featured_media":92691,"comment_status":"","ping_status":"","sticky":false,"template":"","format":"standard","meta":{"footnotes":""},"categories":[5],"tags":[22,23,26,27,17,21,24,25,28,29,15,247,16,18,34,133,31,33,32,30,19,20],"class_list":{"0":"post-92690","1":"post","2":"type-post","3":"status-publish","4":"format-standard","5":"has-post-thumbnail","7":"category-rubriker","8":"tag-breaking-news","9":"tag-breakingnews","10":"tag-featured-news","11":"tag-featurednews","12":"tag-headlines","13":"tag-huvudnyheter","14":"tag-latest-news","15":"tag-latestnews","16":"tag-main-news","17":"tag-mainnews","18":"tag-news","19":"tag-nhl","20":"tag-nyheter","21":"tag-rubriker","22":"tag-se","23":"tag-second-news","24":"tag-svenska","25":"tag-sverige","26":"tag-sweden","27":"tag-swedish","28":"tag-top-stories","29":"tag-topstories"},"share_on_mastodon":{"url":"https:\/\/pubeurope.com\/@se\/115631826098853375","error":""},"_links":{"self":[{"href":"https:\/\/www.europesays.com\/se\/wp-json\/wp\/v2\/posts\/92690","targetHints":{"allow":["GET"]}}],"collection":[{"href":"https:\/\/www.europesays.com\/se\/wp-json\/wp\/v2\/posts"}],"about":[{"href":"https:\/\/www.europesays.com\/se\/wp-json\/wp\/v2\/types\/post"}],"author":[{"embeddable":true,"href":"https:\/\/www.europesays.com\/se\/wp-json\/wp\/v2\/users\/2"}],"replies":[{"embeddable":true,"href":"https:\/\/www.europesays.com\/se\/wp-json\/wp\/v2\/comments?post=92690"}],"version-history":[{"count":0,"href":"https:\/\/www.europesays.com\/se\/wp-json\/wp\/v2\/posts\/92690\/revisions"}],"wp:featuredmedia":[{"embeddable":true,"href":"https:\/\/www.europesays.com\/se\/wp-json\/wp\/v2\/media\/92691"}],"wp:attachment":[{"href":"https:\/\/www.europesays.com\/se\/wp-json\/wp\/v2\/media?parent=92690"}],"wp:term":[{"taxonomy":"category","embeddable":true,"href":"https:\/\/www.europesays.com\/se\/wp-json\/wp\/v2\/categories?post=92690"},{"taxonomy":"post_tag","embeddable":true,"href":"https:\/\/www.europesays.com\/se\/wp-json\/wp\/v2\/tags?post=92690"}],"curies":[{"name":"wp","href":"https:\/\/api.w.org\/{rel}","templated":true}]}}