{"id":92703,"date":"2025-11-29T08:02:17","date_gmt":"2025-11-29T08:02:17","guid":{"rendered":"https:\/\/www.europesays.com\/se\/92703\/"},"modified":"2025-11-29T08:02:17","modified_gmt":"2025-11-29T08:02:17","slug":"airbus-aterkallar-tusentals-plan-solljus-kan-sla-skada-system-di","status":"publish","type":"post","link":"https:\/\/www.europesays.com\/se\/92703\/","title":{"rendered":"Airbus \u00e5terkallar tusentals plan \u2013 solljus kan sl\u00e5 skada system &#8211; DI"},"content":{"rendered":"<ol>\n<li><a href=\"https:\/\/news.google.com\/rss\/articles\/CBMijgFBVV95cUxONXRDMHplREFhUVFWTmpaTkhCbUFMbWVhRDNubXJ5WFN0T0stTXdwRDRXYWtNejdVRElEUzQxZDhJQllPUW5meGRHUnVDM1FqbWNNa3B6WUxMYVh3dGRGNkF4MTM4emxJWEpnZExfaEVvdHhhRlpRV0FhbHhtTEt5MmdrdXBEUlZMcnZzdUxR?oc=5\" target=\"_blank\" rel=\"nofollow noopener\">Airbus \u00e5terkallar tusentals plan \u2013 solljus kan sl\u00e5 skada system<\/a>&nbsp;&nbsp;DI<\/li>\n<li><a href=\"https:\/\/news.google.com\/rss\/articles\/CBMie0FVX3lxTE4zSlNJYzJMUVdja0Y2Z2pmX3F4bjZtdElybW1GQnl0WW1uVmVCemdVUmdVVmxVckdWRV9KbnNNRF9uZlVmVWx5QWFrdHJpQzV4WEI3TWl5dnJyZFZPMHJEYk41V2gxSEhEQUd2d3N3VDhZY0plT05sOVAtaw?oc=5\" target=\"_blank\" rel=\"nofollow noopener\">Stort flygkaos efter olyckan \u2013 6 000 plan p\u00e5verkas<\/a>&nbsp;&nbsp;Aftonbladet<\/li>\n<li><a href=\"https:\/\/news.google.com\/rss\/articles\/CBMisAFBVV95cUxPa1JWRHFOUlZWdUNET0FWMGgzQ1dtdnluTjNLY2dFUnJqWmZyRHI4dzVpVjFuaVBWT1hScW9jNDZXTjRjcVpzaEIwSHFFUjctbmdfRmk5X0g4Ul83d0gwckl6VlNZUWdEMGlQM3o2WXFibk9BbGJhSlJ4RDh2eEFZcUJHcXFldGZEendDdUtaOUxDSG12MjZJZHF4N0dKS2dRLU5rUWktcFpfSVNGLWRsaA?oc=5\" target=\"_blank\" rel=\"nofollow noopener\">Stora flygst\u00f6rningar n\u00e4r Airbus m\u00e5ste uppdateras<\/a>&nbsp;&nbsp;GP<\/li>\n<li><a href=\"https:\/\/news.google.com\/rss\/articles\/CBMigAFBVV95cUxQekZTMkR4MFlFUEJHc3ZpVWRTLVJCdzhoMi1jUFhrUGk2cmFnaXZOSHpYWlJDajRKQ093ZXQzMHRhZTdGS1dzT29fY1czQW1sMXR1RUdKNGVrbUNqX1ZnckdDY3BYSlVxbDdJLUJpWWtDWXlCWnlKMVZUZ3BCZm5aRA?oc=5\" target=\"_blank\" rel=\"nofollow noopener\">Airbus \u00e5terkallar 6 000 A320-flygplan<\/a>&nbsp;&nbsp;SVT Nyheter<\/li>\n<li><a href=\"https:\/\/news.google.com\/rss\/articles\/CBMie0FVX3lxTE16VFhZX3NjeE8tYVM2eDJtZlA0b3o0SmpPR0F3SmJ5aS13MnoweTU3S0lZQ2xRVldyWTdURkVkV1FKbHo2NVRYUkhzaEN0cVJaTy1naWljdHhaMFJOb0pBRENwaHhqaGJxajlCeS1yR1JRVlhrT2tKckJRcw?oc=5\" target=\"_blank\" rel=\"nofollow noopener\">Flygbolag v\u00e4rlden \u00f6ver drabbas av Airbus-felet<\/a>&nbsp;&nbsp;Omni<\/li>\n<\/ol>\n","protected":false},"excerpt":{"rendered":"Airbus \u00e5terkallar tusentals plan \u2013 solljus kan sl\u00e5 skada system&nbsp;&nbsp;DI Stort flygkaos efter olyckan \u2013 6 000 plan&hellip;\n","protected":false},"author":2,"featured_media":92704,"comment_status":"","ping_status":"","sticky":false,"template":"","format":"standard","meta":{"footnotes":""},"categories":[14],"tags":[22,23,26,27,17,21,24,25,28,29,15,16,18,34,31,33,32,30,19,20,51,52,53,54],"class_list":{"0":"post-92703","1":"post","2":"type-post","3":"status-publish","4":"format-standard","5":"has-post-thumbnail","7":"category-varlden","8":"tag-breaking-news","9":"tag-breakingnews","10":"tag-featured-news","11":"tag-featurednews","12":"tag-headlines","13":"tag-huvudnyheter","14":"tag-latest-news","15":"tag-latestnews","16":"tag-main-news","17":"tag-mainnews","18":"tag-news","19":"tag-nyheter","20":"tag-rubriker","21":"tag-se","22":"tag-svenska","23":"tag-sverige","24":"tag-sweden","25":"tag-swedish","26":"tag-top-stories","27":"tag-topstories","28":"tag-varlden","29":"tag-world","30":"tag-world-news","31":"tag-worldnews"},"share_on_mastodon":{"url":"https:\/\/pubeurope.com\/@se\/115631944075142869","error":""},"_links":{"self":[{"href":"https:\/\/www.europesays.com\/se\/wp-json\/wp\/v2\/posts\/92703","targetHints":{"allow":["GET"]}}],"collection":[{"href":"https:\/\/www.europesays.com\/se\/wp-json\/wp\/v2\/posts"}],"about":[{"href":"https:\/\/www.europesays.com\/se\/wp-json\/wp\/v2\/types\/post"}],"author":[{"embeddable":true,"href":"https:\/\/www.europesays.com\/se\/wp-json\/wp\/v2\/users\/2"}],"replies":[{"embeddable":true,"href":"https:\/\/www.europesays.com\/se\/wp-json\/wp\/v2\/comments?post=92703"}],"version-history":[{"count":0,"href":"https:\/\/www.europesays.com\/se\/wp-json\/wp\/v2\/posts\/92703\/revisions"}],"wp:featuredmedia":[{"embeddable":true,"href":"https:\/\/www.europesays.com\/se\/wp-json\/wp\/v2\/media\/92704"}],"wp:attachment":[{"href":"https:\/\/www.europesays.com\/se\/wp-json\/wp\/v2\/media?parent=92703"}],"wp:term":[{"taxonomy":"category","embeddable":true,"href":"https:\/\/www.europesays.com\/se\/wp-json\/wp\/v2\/categories?post=92703"},{"taxonomy":"post_tag","embeddable":true,"href":"https:\/\/www.europesays.com\/se\/wp-json\/wp\/v2\/tags?post=92703"}],"curies":[{"name":"wp","href":"https:\/\/api.w.org\/{rel}","templated":true}]}}